{"id":9020,"date":"2023-10-04T16:23:49","date_gmt":"2023-10-04T19:23:49","guid":{"rendered":"https:\/\/www.telavita.com.br\/blog\/?p=9020"},"modified":"2025-12-08T19:14:52","modified_gmt":"2025-12-08T21:14:52","slug":"dismorfia-corporal","status":"publish","type":"post","link":"https:\/\/www.telavita.com.br\/blog\/dismorfia-corporal\/","title":{"rendered":"O que \u00e9 a dismorfia corporal e quais os seus sintomas?"},"content":{"rendered":"<p><span style=\"font-weight: 400;\">A <\/span><b>dismorfia corporal<\/b><span style=\"font-weight: 400;\">, frequentemente referida como Trastorno Dism\u00f3rfico Corporal (TDC) ou S\u00edndrome de Dismorfia Corporal (SDC), \u00e9 um tema de crescente import\u00e2ncia na sa\u00fade mental e bem-estar.\u00a0<\/span><\/p>\n<p><span style=\"font-weight: 400;\">Portanto, a medida que nossa sociedade moderna se torna cada vez mais <\/span><b>focada na apar\u00eancia e na busca pela perfei\u00e7\u00e3o<\/b><span style=\"font-weight: 400;\">, compreender o que \u00e9 este t\u00f3pico torna-se crucial.<\/span><\/p>\n<h2><b>O que \u00e9 a dismorfia corporal?<\/b><\/h2>\n<p><span style=\"font-weight: 400;\">A dismorfia corporal, ou Transtorno Dism\u00f3rfico Corporal (TDC), segundo o DSM-5 (Manual de Diagn\u00f3stico e Estat\u00edstico de Transtornos Mentais), \u00e9 caracterizada por uma excessiva <\/span><b>preocupa\u00e7\u00e3o com um suposto defeito m\u00ednimo ou imagin\u00e1rio na apar\u00eancia<\/b><span style=\"font-weight: 400;\">.<\/span><\/p>\n<p><span style=\"font-weight: 400;\">Contudo, embora esta seja a defini\u00e7\u00e3o oficial do transtorno, existe um debate acad\u00eamico sobre a possibilidade de classific\u00e1-lo como uma variante do <\/span><a href=\"https:\/\/www.telavita.com.br\/blog\/7-sinais-de-toc\/\"><b>Transtorno Obsessivo-Compulsivo (TOC).<\/b><\/a><\/p>\n<p><span style=\"font-weight: 400;\">Isso pois, <\/span><b>ambos compartilham algumas caracter\u00edsticas, como:<\/b><span style=\"font-weight: 400;\"> um curso cr\u00f4nico e vari\u00e1vel, pensamentos intrusivos, comportamentos compulsivos e repetitivos, sentimentos de vergonha, <\/span><a href=\"https:\/\/www.telavita.com.br\/blog\/dicas-para-autoestima\/\"><b>baixa autoestima<\/b><\/a><span style=\"font-weight: 400;\"> e, em casos mais graves, um isolamento social e uma incapacidade funcional total.<\/span><\/p>\n<h2><b>8 sinais de dismorfia corporal<\/b><\/h2>\n<p><span style=\"font-weight: 400;\">Identificar e diagnosticar o Transtorno Dism\u00f3rfico Corporal pode ser desafiador, j\u00e1 que, muitas vezes, os sintomas s\u00e3o erroneamente associados a uma preocupa\u00e7\u00e3o excessiva com a vaidade. Entretanto, <\/span><b>alguns dos sinais caracter\u00edsticos da dismorfia corporal incluem:<\/b><\/p>\n<h3><b>1. Preocupa\u00e7\u00e3o excessiva<\/b><\/h3>\n<p><span style=\"font-weight: 400;\">A pessoa experimenta uma<\/span><b> constante e intensa preocupa\u00e7\u00e3o com sua apar\u00eancia<\/b><span style=\"font-weight: 400;\">, muitas vezes centrada em aspectos espec\u00edficos, como a forma do nariz, tamanho dos olhos, pele, cabelo ou qualquer caracter\u00edstica que ela considere imperfeita.\u00a0<\/span><\/p>\n<h3><b>2. Percep\u00e7\u00e3o irrealista<\/b><\/h3>\n<p><span style=\"font-weight: 400;\">A no\u00e7\u00e3o do defeito \u00e9 exagerada ou n\u00e3o corresponde \u00e0 realidade. Mesmo que outros n\u00e3o percebam o defeito, <\/span><b>a pessoa com dismorfia corporal acredita que ele \u00e9 muito evidente.<\/b><\/p>\n<h3><b>3. Comportamentos repetitivos<\/b><\/h3>\n<p><span style=\"font-weight: 400;\">Na dismorfia corporal, podem surgir comportamentos como checar o espelho com frequ\u00eancia, <\/span><a href=\"https:\/\/www.telavita.com.br\/blog\/comparacao-com-o-outro\/\"><b>comparar-se com outras pessoas<\/b><\/a><span style=\"font-weight: 400;\"> ou recorrer a procedimentos est\u00e9ticos de forma excessiva.<\/span><\/p>\n<h3><b>4. Isolamento social<\/b><\/h3>\n<p><span style=\"font-weight: 400;\">Devido \u00e0 vergonha e \u00e0 ansiedade em rela\u00e7\u00e3o \u00e0 apar\u00eancia, a pessoa pode <\/span><a href=\"https:\/\/www.telavita.com.br\/blog\/fobia-social\/\"><b>evitar intera\u00e7\u00f5es sociais e se isolar.<\/b><\/a> <span style=\"font-weight: 400;\">O <\/span><b>medo do julgamento dos outros <\/b><span style=\"font-weight: 400;\">pode levar ao distanciamento de amigos e familiares, resultando em um ciclo de isolamento.<\/span><\/p>\n<h3><b>5. Autoestima baixa<\/b><\/h3>\n<p><span style=\"font-weight: 400;\">A pessoa com dismorfia corporal muitas vezes enfrenta uma baixa autoestima devido \u00e0 sua percep\u00e7\u00e3o da pr\u00f3pria apar\u00eancia como defeituosa. Isso pode afetar negativamente sua confian\u00e7a e auto imagem, <\/span><b>levando a um ciclo de pensamentos autocr\u00edticos.<\/b><\/p>\n<h3><b>6. Busca por reafirma\u00e7\u00e3o<\/b><\/h3>\n<p><span style=\"font-weight: 400;\">A pessoa pode procurar repetidamente a opini\u00e3o de outras pessoas para confirmar que o defeito n\u00e3o \u00e9 t\u00e3o evidente quanto ela imagina. Essa <\/span><b>busca constante por valida\u00e7\u00e3o <\/b><span style=\"font-weight: 400;\">pode ser exaustiva para os amigos e familiares pr\u00f3ximos.<\/span><\/p>\n<h3><b>7. Depress\u00e3o e ansiedade<\/b><\/h3>\n<p><span style=\"font-weight: 400;\">A dismorfia corporal pode estar associada a <\/span><a href=\"https:\/\/www.telavita.com.br\/blog\/diferenca-de-ansiedade-e-depressao\/\"><b>sintomas de depress\u00e3o e ansiedade<\/b><\/a><span style=\"font-weight: 400;\">, j\u00e1 que o sofrimento emocional \u00e9 comum. A preocupa\u00e7\u00e3o constante com a apar\u00eancia e a insatisfa\u00e7\u00e3o persistente <\/span><b>podem desencadear ou agravar esses transtornos de sa\u00fade mental.<\/b><\/p>\n<h3><b>8. Recorr\u00eancia a procedimentos est\u00e9ticos em excesso<\/b><\/h3>\n<p><span style=\"font-weight: 400;\">Em casos mais graves, a pessoa pode se submeter a procedimentos cir\u00fargicos ou est\u00e9ticos em excesso na tentativa de corrigir o defeito percebido. Isso pode ser perigoso para a sa\u00fade f\u00edsica e emocional,<\/span><b> al\u00e9m de n\u00e3o resolver a causa subjacente da insatisfa\u00e7\u00e3o.<\/b><\/p>\n<h2><b>Causas do aparecimento do transtorno<\/b><\/h2>\n<p><span style=\"font-weight: 400;\">As causas do Transtorno Dism\u00f3rfico Corporal (TDC) podem ser<\/span><b> complexas e multifatoriais. <\/b><span style=\"font-weight: 400;\">Al\u00e9m disso, embora n\u00e3o haja uma \u00fanica causa definitiva, v\u00e1rias influ\u00eancias podem contribuir para o desenvolvimento desta condi\u00e7\u00e3o. <\/span><b>Algumas das poss\u00edveis causas incluem:<\/b><\/p>\n<h3><b>Condi\u00e7\u00f5es gen\u00e9ticas e biol\u00f3gicas<\/b><\/h3>\n<p><span style=\"font-weight: 400;\">Pode haver uma predisposi\u00e7\u00e3o gen\u00e9tica para a dismorfia corporal, pois estudos sugerem que pode haver uma heran\u00e7a familiar de <\/span><a href=\"https:\/\/www.telavita.com.br\/blog\/tipos-de-transtornos-de-ansiedade\/\"><b>transtornos de ansiedade<\/b><\/a><span style=\"font-weight: 400;\"> e depress\u00e3o, <\/span><b>que est\u00e3o frequentemente associados ao Transtorno Dism\u00f3rfico Corporal.<\/b><\/p>\n<h3><b>Disfun\u00e7\u00f5es neuroqu\u00edmicas<\/b><\/h3>\n<p><span style=\"font-weight: 400;\">Altera\u00e7\u00f5es nos neurotransmissores (subst\u00e2ncias qu\u00edmicas do c\u00e9rebro), como a serotonina, podem desempenhar um papel no desenvolvimento do TDC. Dessa forma, desequil\u00edbrios na atividade cerebral podem <\/span><b>afetar a maneira como uma pessoa percebe sua pr\u00f3pria apar\u00eancia.<\/b><\/p>\n<h3><b>Experi\u00eancias de vida traum\u00e1ticas<\/b><\/h3>\n<p><span style=\"font-weight: 400;\">Traumas passados, como <\/span><a href=\"https:\/\/www.telavita.com.br\/blog\/o-bullying\/\"><b>bullying<\/b><\/a><span style=\"font-weight: 400;\">, abuso ou experi\u00eancias de rejei\u00e7\u00e3o, <\/span><b>podem contribuir para o desenvolvimento do TDC. <\/b><span style=\"font-weight: 400;\">Esses eventos traum\u00e1ticos podem desencadear sentimentos de inadequa\u00e7\u00e3o e levar a uma busca obsessiva pela perfei\u00e7\u00e3o f\u00edsica como forma de prote\u00e7\u00e3o.<\/span><\/p>\n<h3><b>Press\u00f5es sociais e culturais<\/b><\/h3>\n<p><span style=\"font-weight: 400;\">Ideais de beleza promovidos pela sociedade e pela m\u00eddia podem influenciar negativamente a percep\u00e7\u00e3o da pr\u00f3pria apar\u00eancia e <\/span><b>contribuir para a manifesta\u00e7\u00e3o da dismorfia corporal.\u00a0<\/b><\/p>\n<h3><b>Distor\u00e7\u00e3o Cognitiva<\/b><\/h3>\n<p><span style=\"font-weight: 400;\">Algumas pessoas com TDC t\u00eam uma tend\u00eancia a <\/span><b>interpretar de forma distorcida as informa\u00e7\u00f5es sensoriais sobre sua apar\u00eancia<\/b><span style=\"font-weight: 400;\">, superestimando imperfei\u00e7\u00f5es que podem ser m\u00ednimas ou inexistentes;<\/span><\/p>\n<h3><b>Comorbidade com outros transtornos mentais<\/b><\/h3>\n<p><span style=\"font-weight: 400;\">Frequentemente, o TDC est\u00e1 associado a outros transtornos, como depress\u00e3o, ansiedade, <\/span><a href=\"https:\/\/www.telavita.com.br\/blog\/duvidas-sobre-transtorno-alimentar\/\"><b>dist\u00farbios alimentares<\/b><\/a> <span style=\"font-weight: 400;\">e transtorno obsessivo-compulsivo (TOC). Logo, <\/span><b>a presen\u00e7a de m\u00faltiplos transtornos pode complicar ainda mais o quadro cl\u00ednico.<\/b><\/p>\n<h3><b>Fatores psicol\u00f3gicos e emocionais<\/b><\/h3>\n<p><span style=\"font-weight: 400;\">Baixa autoestima, <\/span><a href=\"https:\/\/www.telavita.com.br\/blog\/perfeccionismo\/\"><b>perfeccionismo<\/b><\/a><span style=\"font-weight: 400;\"> e uma necessidade extrema de aprova\u00e7\u00e3o dos outros podem contribuir para o desenvolvimento da dismorfia corporal. Todavia,<\/span><b> esses fatores emocionais podem agravar a insatisfa\u00e7\u00e3o com a apar\u00eancia.<\/b><\/p>\n<h3><b>Estilos parentais e ambientais<\/b><\/h3>\n<p><span style=\"font-weight: 400;\">Ambientes familiares excessivamente cr\u00edticos, competitivos ou que <\/span><b>enfatizam a import\u00e2ncia da apar\u00eancia <\/b><span style=\"font-weight: 400;\">podem contribuir para o desenvolvimento do TDC. Sendo assim, a maneira como os pais e cuidadores lidam com a imagem corporal tamb\u00e9m pode influenciar a percep\u00e7\u00e3o da crian\u00e7a sobre si mesma.<\/span><\/p>\n<h2><b>A import\u00e2ncia de procurar ajuda profissional\u00a0<\/b><\/h2>\n<p><span style=\"font-weight: 400;\">A dismorfia corporal, ou Transtorno Dism\u00f3rfico Corporal \u00e9 uma condi\u00e7\u00e3o mental s\u00e9ria que pode causar um sofrimento significativo e <\/span><b>pode variar de pessoa para pessoa.<\/b><\/p>\n<p><span style=\"font-weight: 400;\">Profissionais de sa\u00fade mental, <\/span><a href=\"https:\/\/www.telavita.com.br\/blog\/diferenca-entre-psicologo-psiquiatra\/\"><b>como psic\u00f3logos e psiquiatras<\/b><\/a><span style=\"font-weight: 400;\">, t\u00eam o treinamento necess\u00e1rio para diagnosticar e avaliar o TDC de maneira adequada, <\/span><b>diferenciando-o de outras condi\u00e7\u00f5es de sa\u00fade mental que podem compartilhar sintomas semelhantes.<\/b><\/p>\n<p><span style=\"font-weight: 400;\">O tratamento adequado pode resultar em uma melhoria significativa na <a href=\"https:\/\/www.telavita.com.br\/blog\/qualidade-de-vida\/\">qualidade de vida<\/a>, ajudando os pacientes a lidar com seus sintomas, <\/span><b>a desenvolver uma percep\u00e7\u00e3o mais realista de sua apar\u00eancia <\/b><span style=\"font-weight: 400;\">e a construir uma autoestima mais saud\u00e1vel.<\/span><\/p>\n<span class='mb-center maxbutton-2-center'><span class='maxbutton-2-container mb-container'><a class=\"maxbutton-2 maxbutton maxbutton-home-telavita\" href=\"https:\/\/www.telavita.com.br\"><span class='mb-text'>Conhe\u00e7a a Telavita<\/span><\/a><\/span><\/span>\n","protected":false},"excerpt":{"rendered":"<p>A dismorfia corporal, frequentemente referida como Trastorno Dism\u00f3rfico Corporal (TDC) ou S\u00edndrome de Dismorfia Corporal (SDC), \u00e9 um tema de crescente import\u00e2ncia na sa\u00fade mental e bem-estar.\u00a0 Portanto, a medida que nossa sociedade moderna se torna cada vez mais focada na apar\u00eancia e na busca pela perfei\u00e7\u00e3o, compreender o que \u00e9 este t\u00f3pico torna-se crucial. [&hellip;]<\/p>\n","protected":false},"author":36,"featured_media":9021,"comment_status":"open","ping_status":"open","sticky":false,"template":"","format":"standard","meta":{"_lmt_disableupdate":"no","_lmt_disable":"no","footnotes":""},"categories":[32],"tags":[],"yoast_head":"<!-- This site is optimized with the Yoast SEO plugin v19.8 - https:\/\/yoast.com\/wordpress\/plugins\/seo\/ -->\n<title>Dismorfia corporal: 8 sinais que indicam o transtorno - Telavita<\/title>\n<meta name=\"description\" content=\"A dismorfia corporal tem se tornado cada vez mais frequente na atualidade. Saiba seus sintomas, causas e formas de tratatamento.\" \/>\n<meta name=\"robots\" content=\"index, follow, max-snippet:-1, max-image-preview:large, max-video-preview:-1\" \/>\n<link rel=\"canonical\" href=\"https:\/\/www.telavita.com.br\/blog\/dismorfia-corporal\/\" \/>\n<meta property=\"og:locale\" content=\"pt_BR\" \/>\n<meta property=\"og:type\" content=\"article\" \/>\n<meta property=\"og:title\" content=\"Dismorfia corporal: 8 sinais que indicam o transtorno - Telavita\" \/>\n<meta property=\"og:description\" content=\"A dismorfia corporal tem se tornado cada vez mais frequente na atualidade. Saiba seus sintomas, causas e formas de tratatamento.\" \/>\n<meta property=\"og:url\" content=\"https:\/\/www.telavita.com.br\/blog\/dismorfia-corporal\/\" \/>\n<meta property=\"og:site_name\" content=\"Telavita\" \/>\n<meta property=\"article:publisher\" content=\"https:\/\/www.facebook.com\/Telavita\" \/>\n<meta property=\"article:published_time\" content=\"2023-10-04T19:23:49+00:00\" \/>\n<meta property=\"article:modified_time\" content=\"2025-12-08T21:14:52+00:00\" \/>\n<meta property=\"og:image\" content=\"https:\/\/www.telavita.com.br\/blog\/wp-content\/uploads\/2023\/10\/dismorfia-corporal.jpg\" \/>\n\t<meta property=\"og:image:width\" content=\"2560\" \/>\n\t<meta property=\"og:image:height\" content=\"1707\" \/>\n\t<meta property=\"og:image:type\" content=\"image\/jpeg\" \/>\n<meta name=\"author\" content=\"Psic\u00f3logo Eric Luis Teixeira - CRP 01\/21517\" \/>\n<meta name=\"twitter:card\" content=\"summary_large_image\" \/>\n<meta name=\"twitter:label1\" content=\"Escrito por\" \/>\n\t<meta name=\"twitter:data1\" content=\"Psic\u00f3logo Eric Luis Teixeira - CRP 01\/21517\" \/>\n\t<meta name=\"twitter:label2\" content=\"Est. tempo de leitura\" \/>\n\t<meta name=\"twitter:data2\" content=\"6 minutos\" \/>\n<!-- \/ Yoast SEO plugin. -->","yoast_head_json":{"title":"Dismorfia corporal: 8 sinais que indicam o transtorno - Telavita","description":"A dismorfia corporal tem se tornado cada vez mais frequente na atualidade. Saiba seus sintomas, causas e formas de tratatamento.","robots":{"index":"index","follow":"follow","max-snippet":"max-snippet:-1","max-image-preview":"max-image-preview:large","max-video-preview":"max-video-preview:-1"},"canonical":"https:\/\/www.telavita.com.br\/blog\/dismorfia-corporal\/","og_locale":"pt_BR","og_type":"article","og_title":"Dismorfia corporal: 8 sinais que indicam o transtorno - Telavita","og_description":"A dismorfia corporal tem se tornado cada vez mais frequente na atualidade. Saiba seus sintomas, causas e formas de tratatamento.","og_url":"https:\/\/www.telavita.com.br\/blog\/dismorfia-corporal\/","og_site_name":"Telavita","article_publisher":"https:\/\/www.facebook.com\/Telavita","article_published_time":"2023-10-04T19:23:49+00:00","article_modified_time":"2025-12-08T21:14:52+00:00","og_image":[{"width":2560,"height":1707,"url":"https:\/\/www.telavita.com.br\/blog\/wp-content\/uploads\/2023\/10\/dismorfia-corporal.jpg","type":"image\/jpeg"}],"author":"Psic\u00f3logo Eric Luis Teixeira - CRP 01\/21517","twitter_card":"summary_large_image","twitter_misc":{"Escrito por":"Psic\u00f3logo Eric Luis Teixeira - CRP 01\/21517","Est. tempo de leitura":"6 minutos"},"schema":{"@context":"https:\/\/schema.org","@graph":[{"@type":"Article","@id":"https:\/\/www.telavita.com.br\/blog\/dismorfia-corporal\/#article","isPartOf":{"@id":"https:\/\/www.telavita.com.br\/blog\/dismorfia-corporal\/"},"author":{"name":"Psic\u00f3logo Eric Luis Teixeira - CRP 01\/21517","@id":"https:\/\/www.telavita.com.br\/blog\/#\/schema\/person\/83f91a8c4e692f96c06a7fa1c466a9c1"},"headline":"O que \u00e9 a dismorfia corporal e quais os seus sintomas?","datePublished":"2023-10-04T19:23:49+00:00","dateModified":"2025-12-08T21:14:52+00:00","mainEntityOfPage":{"@id":"https:\/\/www.telavita.com.br\/blog\/dismorfia-corporal\/"},"wordCount":1060,"commentCount":0,"publisher":{"@id":"https:\/\/www.telavita.com.br\/blog\/#organization"},"articleSection":["Transtornos Psicol\u00f3gicos"],"inLanguage":"pt-BR","potentialAction":[{"@type":"CommentAction","name":"Comment","target":["https:\/\/www.telavita.com.br\/blog\/dismorfia-corporal\/#respond"]}]},{"@type":"WebPage","@id":"https:\/\/www.telavita.com.br\/blog\/dismorfia-corporal\/","url":"https:\/\/www.telavita.com.br\/blog\/dismorfia-corporal\/","name":"Dismorfia corporal: 8 sinais que indicam o transtorno - Telavita","isPartOf":{"@id":"https:\/\/www.telavita.com.br\/blog\/#website"},"datePublished":"2023-10-04T19:23:49+00:00","dateModified":"2025-12-08T21:14:52+00:00","description":"A dismorfia corporal tem se tornado cada vez mais frequente na atualidade. Saiba seus sintomas, causas e formas de tratatamento.","breadcrumb":{"@id":"https:\/\/www.telavita.com.br\/blog\/dismorfia-corporal\/#breadcrumb"},"inLanguage":"pt-BR","potentialAction":[{"@type":"ReadAction","target":["https:\/\/www.telavita.com.br\/blog\/dismorfia-corporal\/"]}]},{"@type":"BreadcrumbList","@id":"https:\/\/www.telavita.com.br\/blog\/dismorfia-corporal\/#breadcrumb","itemListElement":[{"@type":"ListItem","position":1,"name":"In\u00edcio","item":"https:\/\/www.telavita.com.br\/blog\/"},{"@type":"ListItem","position":2,"name":"O que \u00e9 a dismorfia corporal e quais os seus sintomas?"}]},{"@type":"WebSite","@id":"https:\/\/www.telavita.com.br\/blog\/#website","url":"https:\/\/www.telavita.com.br\/blog\/","name":"Telavita","description":"Conte\u00fados especializados sobre sa\u00fade mental e bem-estar","publisher":{"@id":"https:\/\/www.telavita.com.br\/blog\/#organization"},"potentialAction":[{"@type":"SearchAction","target":{"@type":"EntryPoint","urlTemplate":"https:\/\/www.telavita.com.br\/blog\/?s={search_term_string}"},"query-input":"required name=search_term_string"}],"inLanguage":"pt-BR"},{"@type":"Organization","@id":"https:\/\/www.telavita.com.br\/blog\/#organization","name":"Telavita","url":"https:\/\/www.telavita.com.br\/blog\/","sameAs":["https:\/\/www.linkedin.com\/company\/telavita\/mycompany\/verification\/","https:\/\/www.instagram.com\/telavita\/","https:\/\/www.facebook.com\/Telavita"],"logo":{"@type":"ImageObject","inLanguage":"pt-BR","@id":"https:\/\/www.telavita.com.br\/blog\/#\/schema\/logo\/image\/","url":"https:\/\/www.telavita.com.br\/blog\/wp-content\/uploads\/2021\/05\/telavita.jpg","contentUrl":"https:\/\/www.telavita.com.br\/blog\/wp-content\/uploads\/2021\/05\/telavita.jpg","width":200,"height":200,"caption":"Telavita"},"image":{"@id":"https:\/\/www.telavita.com.br\/blog\/#\/schema\/logo\/image\/"}},{"@type":"Person","@id":"https:\/\/www.telavita.com.br\/blog\/#\/schema\/person\/83f91a8c4e692f96c06a7fa1c466a9c1","name":"Psic\u00f3logo Eric Luis Teixeira - CRP 01\/21517","image":{"@type":"ImageObject","inLanguage":"pt-BR","@id":"https:\/\/www.telavita.com.br\/blog\/#\/schema\/person\/image\/","url":"https:\/\/secure.gravatar.com\/avatar\/f819b8a2fdb13f7c37a6240f27f74926?s=96&d=mm&r=g","contentUrl":"https:\/\/secure.gravatar.com\/avatar\/f819b8a2fdb13f7c37a6240f27f74926?s=96&d=mm&r=g","caption":"Psic\u00f3logo Eric Luis Teixeira - CRP 01\/21517"},"description":"Psic\u00f3logo formado pela Universidade Paulista (UNIP) em 2018 com especializa\u00e7\u00e3o em Psicologia Organizacional (IPOG), MBA em Gest\u00e3o de Pessoas (UNISAL).","url":"https:\/\/www.telavita.com.br\/blog\/author\/ericluis\/"}]}},"modified_by":"Marcelo Vilas Boas","_links":{"self":[{"href":"https:\/\/www.telavita.com.br\/blog\/wp-json\/wp\/v2\/posts\/9020"}],"collection":[{"href":"https:\/\/www.telavita.com.br\/blog\/wp-json\/wp\/v2\/posts"}],"about":[{"href":"https:\/\/www.telavita.com.br\/blog\/wp-json\/wp\/v2\/types\/post"}],"author":[{"embeddable":true,"href":"https:\/\/www.telavita.com.br\/blog\/wp-json\/wp\/v2\/users\/36"}],"replies":[{"embeddable":true,"href":"https:\/\/www.telavita.com.br\/blog\/wp-json\/wp\/v2\/comments?post=9020"}],"version-history":[{"count":2,"href":"https:\/\/www.telavita.com.br\/blog\/wp-json\/wp\/v2\/posts\/9020\/revisions"}],"predecessor-version":[{"id":9714,"href":"https:\/\/www.telavita.com.br\/blog\/wp-json\/wp\/v2\/posts\/9020\/revisions\/9714"}],"wp:featuredmedia":[{"embeddable":true,"href":"https:\/\/www.telavita.com.br\/blog\/wp-json\/wp\/v2\/media\/9021"}],"wp:attachment":[{"href":"https:\/\/www.telavita.com.br\/blog\/wp-json\/wp\/v2\/media?parent=9020"}],"wp:term":[{"taxonomy":"category","embeddable":true,"href":"https:\/\/www.telavita.com.br\/blog\/wp-json\/wp\/v2\/categories?post=9020"},{"taxonomy":"post_tag","embeddable":true,"href":"https:\/\/www.telavita.com.br\/blog\/wp-json\/wp\/v2\/tags?post=9020"}],"curies":[{"name":"wp","href":"https:\/\/api.w.org\/{rel}","templated":true}]}}