{"id":9023,"date":"2023-10-05T14:37:27","date_gmt":"2023-10-05T17:37:27","guid":{"rendered":"https:\/\/www.telavita.com.br\/blog\/?p=9023"},"modified":"2023-10-05T14:37:46","modified_gmt":"2023-10-05T17:37:46","slug":"baixa-autoestima","status":"publish","type":"post","link":"https:\/\/www.telavita.com.br\/blog\/baixa-autoestima\/","title":{"rendered":"Baixa autoestima: como se amar mais?"},"content":{"rendered":"<p><span style=\"font-weight: 400;\">A <\/span><b>baixa autoestima<\/b><span style=\"font-weight: 400;\"> \u00e9 um desafio muito comum no mundo super bombardeado por m\u00eddias e redes sociais. Al\u00e9m disso, ao se deparar com imagens, padr\u00f5es de comportamento e estilos de vida aparentemente perfeitos, muitas pessoas apresentam a tend\u00eancia de estabelecer compara\u00e7\u00f5es de suas vidas com padr\u00f5es muito altos, e at\u00e9 irreais.<\/span><\/p>\n<p><span style=\"font-weight: 400;\">Por outro lado, outras situa\u00e7\u00f5es, como <strong><a href=\"https:\/\/www.telavita.com.br\/blog\/transtornos-mentais-comuns\/\">o acometimento de transtornos mentais<\/a><\/strong>, traumas e outras experi\u00eancias de sofrimento, tamb\u00e9m podem ocasionar baixas na autoestima, visto que<\/span><b> favorecem a \u00eanfase do indiv\u00edduo nas percep\u00e7\u00f5es negativas de si mesmo.\u00a0<\/b><\/p>\n<p><span style=\"font-weight: 400;\">Assim, nestes cen\u00e1rios, a percep\u00e7\u00e3o do sujeito sobre si mesma \u00e9 afetada, ocasionando <\/span><b>impactos negativos na qualidade dos relacionamentos intra e interpessoais e no bem estar emocional.<\/b><\/p>\n<h2><b>O que \u00e9 a baixa autoestima?<\/b><\/h2>\n<p><span style=\"font-weight: 400;\">Caracterizada por uma avalia\u00e7\u00e3o negativa de si mesmo, a baixa autoestima varia de pessoa para pessoa. Em geral, esse quadro envolve o <\/span><b>sentimento de inadequa\u00e7\u00e3o, inseguran\u00e7a e causa dificuldades nos relacionamentos e no bem estar pessoal.<\/b><span style=\"font-weight: 400;\"> Todavia, algumas caracter\u00edsticas frequentes em pessoas com baixa autoestima s\u00e3o:<\/span><\/p>\n<h3><b>Excesso de autocr\u00edtica<\/b><\/h3>\n<p><span style=\"font-weight: 400;\">As pessoas com baixa autoestima com frequ\u00eancia s\u00e3o duras e excessivamente exigentes consigo mesmas. Em adi\u00e7\u00e3o, julgam-se pesadamente diante de erros ou imprevistos comuns e <\/span><b>adotam posturas auto punitivas.<\/b><\/p>\n<h3><b>N\u00e3o aceitam elogios com facilidade<\/b><\/h3>\n<p><span style=\"font-weight: 400;\">Devido ao conceito negativo que nutrem em rela\u00e7\u00e3o a si pr\u00f3prios, as <\/span><b>pessoas com baixa autoestima<\/b><span style=\"font-weight: 400;\"> duvidam de elogios ou situa\u00e7\u00f5es de reconhecimento com frequ\u00eancia ou os julgam desmerecidos.<\/span><\/p>\n<h3><b>Tendem a se comparar com os outros<\/b><\/h3>\n<p><span style=\"font-weight: 400;\">O <\/span><b>sentimento de inferioridade <\/b><span style=\"font-weight: 400;\">pode sobressair-se ao vislumbrar outra pessoa, gerando sentimentos de inadequa\u00e7\u00e3o e supervaloriza\u00e7\u00e3o dos demais. Isso pode resultar em uma busca incessante por valida\u00e7\u00e3o externa e <\/span><b>em sentimentos de inveja ou ressentimento em rela\u00e7\u00e3o aos outros.<\/b><\/p>\n<h3><b>Busca por aprova\u00e7\u00e3o<\/b><\/h3>\n<p><span style=\"font-weight: 400;\">Esse sentimento decorre do <\/span><b>medo de ser rejeitado. <\/b><span style=\"font-weight: 400;\">Desse modo, a baixa autoestima pode ainda <\/span><a href=\"https:\/\/www.telavita.com.br\/blog\/perfeccionismo\/\"><b>gerar altos padr\u00f5es internos e perfeccionismo<\/b><\/a><span style=\"font-weight: 400;\"> devido \u00e0s suas insatisfa\u00e7\u00f5es pessoais. A constante busca por aprova\u00e7\u00e3o <\/span><b>pode levar a um ciclo de exaust\u00e3o emocional <\/b><span style=\"font-weight: 400;\">e a uma sensa\u00e7\u00e3o de viver para satisfazer as expectativas dos outros.<\/span><\/p>\n<h3><b>Isolamento<\/b><\/h3>\n<p><span style=\"font-weight: 400;\">As cren\u00e7as de que s\u00e3o pessoas falhas e sem valor levam as pessoas com baixa autoestima a<\/span><b> se afastarem de conv\u00edvios sociais. <\/b><span style=\"font-weight: 400;\">O isolamento pode resultar em solid\u00e3o, falta de apoio emocional e uma diminui\u00e7\u00e3o ainda maior da autoestima, perpetuando o <\/span><a href=\"https:\/\/www.telavita.com.br\/blog\/fobia-ou-timidez\/\"><b>ciclo de isolamento social.<\/b><\/a><\/p>\n<h3><b>Busca por valida\u00e7\u00e3o externa<\/b><\/h3>\n<p><span style=\"font-weight: 400;\">A <\/span><a href=\"https:\/\/www.telavita.com.br\/blog\/inseguranca\/\"><b>inseguran\u00e7a<\/b><\/a><span style=\"font-weight: 400;\"> intensifica pensamentos de que n\u00e3o merecem coisas boas ou <\/span><b>de que n\u00e3o s\u00e3o capazes de agir por conta pr\u00f3pria.<\/b><span style=\"font-weight: 400;\"> Assim a busca por valida\u00e7\u00e3o e por opini\u00f5es dos outros pode aumentar para se sentirem bem.<\/span><\/p>\n<h2><b>Qual \u00e9 a causa da baixa autoestima?<\/b><\/h2>\n<div class=\"group w-full text-token-text-primary border-b border-black\/10 gizmo:border-0 dark:border-gray-900\/50 gizmo:dark:border-0 bg-gray-50 gizmo:bg-transparent dark:bg-[#444654] gizmo:dark:bg-transparent\" data-testid=\"conversation-turn-15\">\n<div class=\"p-4 justify-center text-base md:gap-6 md:py-6 m-auto\">\n<div class=\"flex flex-1 gap-4 text-base mx-auto md:gap-6 gizmo:gap-3 gizmo:md:px-5 gizmo:lg:px-1 gizmo:xl:px-5 md:max-w-2xl lg:max-w-[38rem] gizmo:md:max-w-3xl gizmo:lg:max-w-[40rem] gizmo:xl:max-w-[48rem] xl:max-w-3xl }\">\n<div class=\"relative flex w-[calc(100%-50px)] flex-col gap-1 gizmo:w-full md:gap-3 lg:w-[calc(100%-115px)] agent-turn\">\n<div class=\"flex flex-grow flex-col gap-3 max-w-full\">\n<div class=\"min-h-[20px] flex flex-col items-start gap-3 whitespace-pre-wrap break-words overflow-x-auto\">\n<div class=\"markdown prose w-full break-words dark:prose-invert light\">\n<p>A baixa autoestima varia entre indiv\u00edduos e tem m\u00faltiplas origens. Geralmente, envolve uma combina\u00e7\u00e3o de fatores, incluindo <strong><a href=\"https:\/\/www.telavita.com.br\/blog\/primeira-infancia\/\">a forma como a crian\u00e7a \u00e9 criada<\/a><\/strong> e as rea\u00e7\u00f5es de cuidadores e pares \u00e0s suas experi\u00eancias na inf\u00e2ncia, que influenciam sua percep\u00e7\u00e3o futura de si mesma.<\/p>\n<\/div>\n<\/div>\n<\/div>\n<\/div>\n<\/div>\n<\/div>\n<\/div>\n<p><span style=\"font-weight: 400;\">Dessa forma, pessoas que passaram por experi\u00eancias negativas como neglig\u00eancia, viol\u00eancias, <\/span><a href=\"https:\/\/www.telavita.com.br\/blog\/o-bullying\/\"><b>bullying<\/b><\/a><span style=\"font-weight: 400;\"> ou rejei\u00e7\u00e3o na inf\u00e2ncia <\/span><b>podem ter marcas que afetem profundamente a sua autoestima. <\/b><\/p>\n<p><span style=\"font-weight: 400;\">Al\u00e9m disso, a<\/span>s expectativas sociais, especialmente as da m\u00eddia que apresenta padr\u00f5es de beleza e estilo de vida inacess\u00edveis, <strong>frequentemente causam insatisfa\u00e7\u00e3o e press\u00e3o.<\/strong> Isso, somado ao sentimento de inferioridade decorrente de compara\u00e7\u00f5es, resulta em sentimentos de fracasso e abala a autoestima.<\/p>\n<h2><b>Como recuperar a autoestima?<\/b><\/h2>\n<p><a href=\"https:\/\/www.telavita.com.br\/blog\/dicas-para-autoestima\/\"><b>Recuperar a autoestima<\/b><\/a> <span style=\"font-weight: 400;\">\u00e9 um processo demorado, desafiador e cont\u00ednuo. \u00c9 um processo que envolve encarar muitos desconfortos, mas que libera muitos potenciais para se viver de forma mais plena. Logo, para iniciar essa jornada, voc\u00ea pode seguir as seguintes dicas:<\/span><b><\/b><\/p>\n<h3><b>Invista em autoconhecimento<\/b><\/h3>\n<p><span style=\"font-weight: 400;\">Refletir sobre caracter\u00edsticas, for\u00e7as, fraquezas e objetivos \u00e9 fundamental para desenvolver uma vis\u00e3o mais realista de si, <\/span><b>propiciar o crescimento pessoal e construir uma imagem mais positiva de si. <\/b><span style=\"font-weight: 400;\">O <\/span><a href=\"https:\/\/www.telavita.com.br\/blog\/autoconhecimento\/\"><b>autoconhecimento<\/b><\/a> <span style=\"font-weight: 400;\">tamb\u00e9m permite identificar \u00e1reas em que voc\u00ea pode trabalhar para melhorar e alcan\u00e7ar seus objetivos pessoais.<\/span><\/p>\n<h3><b>Busque o autocuidado<\/b><\/h3>\n<p><span style=\"font-weight: 400;\">Seja cuidando do bem-estar f\u00edsico ou reservando um tempo para uma atividade prazerosa, o autocuidado permite <\/span><b>a promo\u00e7\u00e3o de oportunidades para se sentir melhor consigo mesmo. <\/b><span style=\"font-weight: 400;\">Priorizar o autocuidado contribui para o aumento da autoestima, reduz o estresse e melhora a qualidade de vida em geral.<\/span><\/p>\n<h3><b>Monitore seus pensamentos<\/b><\/h3>\n<p><span style=\"font-weight: 400;\">\u00c9 necess\u00e1rio <\/span><b>monitorar pensamentos negativos<\/b><span style=\"font-weight: 400;\"> e que intensifiquem a autocr\u00edtica para que sejam questionados. Isso ajuda a desenvolver uma vis\u00e3o mais realista e saud\u00e1vel. Da mesma forma, valorizar pensamentos encorajadores <\/span><b>ajuda a criar uma perspectiva mais animadora.<\/b><b><\/b><\/p>\n<h3><b>Evite compara\u00e7\u00f5es e busque apoio social<\/b><\/h3>\n<p><span style=\"font-weight: 400;\">Valorize sua individualidade e procure entender seus pontos positivos. Para isso, estar em contato com uma rede de apoio acolhedora e em quem voc\u00ea confia \u00e9 de grande ajuda. <\/span><a href=\"https:\/\/www.telavita.com.br\/blog\/comparacao-com-o-outro\/\"><b>Evitar compara\u00e7\u00f5es com os outros<\/b><\/a><span style=\"font-weight: 400;\"> permite que voc\u00ea se concentre em seu pr\u00f3prio crescimento e <\/span><b>aceite suas diferen\u00e7as como algo valioso.<\/b><\/p>\n<h3><b>Celebre suas pequenas conquistas<\/b><\/h3>\n<p><span style=\"font-weight: 400;\">Reconhe\u00e7a suas vit\u00f3rias e comemore os objetivos alcan\u00e7ados, por mais cotidianos que pare\u00e7am. Esse ponto pode ser facilitado caso passe a tra\u00e7ar metas mais alcan\u00e7\u00e1veis. A celebra\u00e7\u00e3o das pequenas conquistas<\/span><b> ajuda a refor\u00e7ar a autoestima, motiva a continuar progredindo e proporciona uma sensa\u00e7\u00e3o de realiza\u00e7\u00e3o pessoal.<\/b><\/p>\n<h2><b>Como um psic\u00f3logo pode te ajudar?<\/b><\/h2>\n<p><span style=\"font-weight: 400;\">O exerc\u00edcio cont\u00ednuo de tratar-se com carinho e compaix\u00e3o \u00e9<\/span><b> fundamental para combater a baixa autoestima.<\/b><span style=\"font-weight: 400;\"> Por esse motivo, recomenda-se que se tenha apre\u00e7o pelo esfor\u00e7o que est\u00e1 empregando para conviver melhor com suas caracter\u00edsticas, virtudes e imperfei\u00e7\u00f5es inclu\u00eddas.<\/span><\/p>\n<p><span style=\"font-weight: 400;\">Portanto, caso a baixa autoestima esteja comprometendo significativamente sua vida, considere <\/span><b>buscar um acompanhamento psicoterap\u00eautico para te auxiliar <\/b><span style=\"font-weight: 400;\">a desenvolver um olhar mais saud\u00e1vel e afetuoso por si mesmo.<\/span><\/p>\n<p><span style=\"font-weight: 400;\">Atrav\u00e9s da terapia, voc\u00ea pode aprender a desafiar cren\u00e7as autodepreciativas, desenvolver habilidades de <\/span><a href=\"https:\/\/www.telavita.com.br\/blog\/desenvolver-autoconfianca\/\"><b>autoestima e autoconfian\u00e7a<\/b><\/a><span style=\"font-weight: 400;\">, e <\/span><b>aprender a lidar de maneira saud\u00e1vel com os desafios emocionais que podem estar contribuindo para a baixa autoestima.<\/b><\/p>\n<span class='mb-center maxbutton-4-center'><span class='maxbutton-4-container mb-container'><a class=\"maxbutton-4 maxbutton maxbutton-manda-para-o-catalogo-de-psicologos\" href=\"https:\/\/app.telavita.com.br\/psicologia-online\/encontre-seu-psicologo\"><span class='mb-text'>Encontre seu psic\u00f3logo online<\/span><\/a><\/span><\/span>\n","protected":false},"excerpt":{"rendered":"<p>A baixa autoestima \u00e9 um desafio muito comum no mundo super bombardeado por m\u00eddias e redes sociais. Al\u00e9m disso, ao se deparar com imagens, padr\u00f5es de comportamento e estilos de vida aparentemente perfeitos, muitas pessoas apresentam a tend\u00eancia de estabelecer compara\u00e7\u00f5es de suas vidas com padr\u00f5es muito altos, e at\u00e9 irreais. Por outro lado, outras [&hellip;]<\/p>\n","protected":false},"author":37,"featured_media":9024,"comment_status":"open","ping_status":"open","sticky":false,"template":"","format":"standard","meta":{"_lmt_disableupdate":"","_lmt_disable":"","footnotes":""},"categories":[266],"tags":[],"yoast_head":"<!-- This site is optimized with the Yoast SEO plugin v19.8 - https:\/\/yoast.com\/wordpress\/plugins\/seo\/ -->\n<title>Entenda as causas psicol\u00f3gicas da baixa autoestima - Telavita<\/title>\n<meta name=\"description\" content=\"A baixa autoestima \u00e9 um dos fantasmas que assombram a atualidade. Desvende suas caracter\u00edsticas e saiba como enfrent\u00e1-la.\" \/>\n<meta name=\"robots\" content=\"index, follow, max-snippet:-1, max-image-preview:large, max-video-preview:-1\" \/>\n<link rel=\"canonical\" href=\"https:\/\/www.telavita.com.br\/blog\/baixa-autoestima\/\" \/>\n<meta property=\"og:locale\" content=\"pt_BR\" \/>\n<meta property=\"og:type\" content=\"article\" \/>\n<meta property=\"og:title\" content=\"Entenda as causas psicol\u00f3gicas da baixa autoestima - Telavita\" \/>\n<meta property=\"og:description\" content=\"A baixa autoestima \u00e9 um dos fantasmas que assombram a atualidade. Desvende suas caracter\u00edsticas e saiba como enfrent\u00e1-la.\" \/>\n<meta property=\"og:url\" content=\"https:\/\/www.telavita.com.br\/blog\/baixa-autoestima\/\" \/>\n<meta property=\"og:site_name\" content=\"Telavita\" \/>\n<meta property=\"article:publisher\" content=\"https:\/\/www.facebook.com\/Telavita\" \/>\n<meta property=\"article:published_time\" content=\"2023-10-05T17:37:27+00:00\" \/>\n<meta property=\"article:modified_time\" content=\"2023-10-05T17:37:46+00:00\" \/>\n<meta property=\"og:image\" content=\"https:\/\/www.telavita.com.br\/blog\/wp-content\/uploads\/2023\/10\/baixa-autoestima-scaled.jpg\" \/>\n\t<meta property=\"og:image:width\" content=\"2560\" \/>\n\t<meta property=\"og:image:height\" content=\"1707\" \/>\n\t<meta property=\"og:image:type\" content=\"image\/jpeg\" \/>\n<meta name=\"author\" content=\"Psic\u00f3loga Aline Bezerra - CRP 17\/2838\" \/>\n<meta name=\"twitter:card\" content=\"summary_large_image\" \/>\n<meta name=\"twitter:label1\" content=\"Escrito por\" \/>\n\t<meta name=\"twitter:data1\" content=\"Psic\u00f3loga Aline Bezerra - CRP 17\/2838\" \/>\n\t<meta name=\"twitter:label2\" content=\"Est. tempo de leitura\" \/>\n\t<meta name=\"twitter:data2\" content=\"6 minutos\" \/>\n<!-- \/ Yoast SEO plugin. -->","yoast_head_json":{"title":"Entenda as causas psicol\u00f3gicas da baixa autoestima - Telavita","description":"A baixa autoestima \u00e9 um dos fantasmas que assombram a atualidade. Desvende suas caracter\u00edsticas e saiba como enfrent\u00e1-la.","robots":{"index":"index","follow":"follow","max-snippet":"max-snippet:-1","max-image-preview":"max-image-preview:large","max-video-preview":"max-video-preview:-1"},"canonical":"https:\/\/www.telavita.com.br\/blog\/baixa-autoestima\/","og_locale":"pt_BR","og_type":"article","og_title":"Entenda as causas psicol\u00f3gicas da baixa autoestima - Telavita","og_description":"A baixa autoestima \u00e9 um dos fantasmas que assombram a atualidade. Desvende suas caracter\u00edsticas e saiba como enfrent\u00e1-la.","og_url":"https:\/\/www.telavita.com.br\/blog\/baixa-autoestima\/","og_site_name":"Telavita","article_publisher":"https:\/\/www.facebook.com\/Telavita","article_published_time":"2023-10-05T17:37:27+00:00","article_modified_time":"2023-10-05T17:37:46+00:00","og_image":[{"width":2560,"height":1707,"url":"https:\/\/www.telavita.com.br\/blog\/wp-content\/uploads\/2023\/10\/baixa-autoestima-scaled.jpg","type":"image\/jpeg"}],"author":"Psic\u00f3loga Aline Bezerra - CRP 17\/2838","twitter_card":"summary_large_image","twitter_misc":{"Escrito por":"Psic\u00f3loga Aline Bezerra - CRP 17\/2838","Est. tempo de leitura":"6 minutos"},"schema":{"@context":"https:\/\/schema.org","@graph":[{"@type":"Article","@id":"https:\/\/www.telavita.com.br\/blog\/baixa-autoestima\/#article","isPartOf":{"@id":"https:\/\/www.telavita.com.br\/blog\/baixa-autoestima\/"},"author":{"name":"Psic\u00f3loga Aline Bezerra - CRP 17\/2838","@id":"https:\/\/www.telavita.com.br\/blog\/#\/schema\/person\/c2708fd59c10ee6837eaa0b41e86f54b"},"headline":"Baixa autoestima: como se amar mais?","datePublished":"2023-10-05T17:37:27+00:00","dateModified":"2023-10-05T17:37:46+00:00","mainEntityOfPage":{"@id":"https:\/\/www.telavita.com.br\/blog\/baixa-autoestima\/"},"wordCount":1044,"commentCount":0,"publisher":{"@id":"https:\/\/www.telavita.com.br\/blog\/#organization"},"articleSection":["Autoconhecimento"],"inLanguage":"pt-BR","potentialAction":[{"@type":"CommentAction","name":"Comment","target":["https:\/\/www.telavita.com.br\/blog\/baixa-autoestima\/#respond"]}]},{"@type":"WebPage","@id":"https:\/\/www.telavita.com.br\/blog\/baixa-autoestima\/","url":"https:\/\/www.telavita.com.br\/blog\/baixa-autoestima\/","name":"Entenda as causas psicol\u00f3gicas da baixa autoestima - Telavita","isPartOf":{"@id":"https:\/\/www.telavita.com.br\/blog\/#website"},"datePublished":"2023-10-05T17:37:27+00:00","dateModified":"2023-10-05T17:37:46+00:00","description":"A baixa autoestima \u00e9 um dos fantasmas que assombram a atualidade. Desvende suas caracter\u00edsticas e saiba como enfrent\u00e1-la.","breadcrumb":{"@id":"https:\/\/www.telavita.com.br\/blog\/baixa-autoestima\/#breadcrumb"},"inLanguage":"pt-BR","potentialAction":[{"@type":"ReadAction","target":["https:\/\/www.telavita.com.br\/blog\/baixa-autoestima\/"]}]},{"@type":"BreadcrumbList","@id":"https:\/\/www.telavita.com.br\/blog\/baixa-autoestima\/#breadcrumb","itemListElement":[{"@type":"ListItem","position":1,"name":"In\u00edcio","item":"https:\/\/www.telavita.com.br\/blog\/"},{"@type":"ListItem","position":2,"name":"Baixa autoestima: como se amar mais?"}]},{"@type":"WebSite","@id":"https:\/\/www.telavita.com.br\/blog\/#website","url":"https:\/\/www.telavita.com.br\/blog\/","name":"Telavita","description":"Conte\u00fados especializados sobre sa\u00fade mental e bem-estar","publisher":{"@id":"https:\/\/www.telavita.com.br\/blog\/#organization"},"potentialAction":[{"@type":"SearchAction","target":{"@type":"EntryPoint","urlTemplate":"https:\/\/www.telavita.com.br\/blog\/?s={search_term_string}"},"query-input":"required name=search_term_string"}],"inLanguage":"pt-BR"},{"@type":"Organization","@id":"https:\/\/www.telavita.com.br\/blog\/#organization","name":"Telavita","url":"https:\/\/www.telavita.com.br\/blog\/","sameAs":["https:\/\/www.linkedin.com\/company\/telavita\/mycompany\/verification\/","https:\/\/www.instagram.com\/telavita\/","https:\/\/www.facebook.com\/Telavita"],"logo":{"@type":"ImageObject","inLanguage":"pt-BR","@id":"https:\/\/www.telavita.com.br\/blog\/#\/schema\/logo\/image\/","url":"https:\/\/www.telavita.com.br\/blog\/wp-content\/uploads\/2021\/05\/telavita.jpg","contentUrl":"https:\/\/www.telavita.com.br\/blog\/wp-content\/uploads\/2021\/05\/telavita.jpg","width":200,"height":200,"caption":"Telavita"},"image":{"@id":"https:\/\/www.telavita.com.br\/blog\/#\/schema\/logo\/image\/"}},{"@type":"Person","@id":"https:\/\/www.telavita.com.br\/blog\/#\/schema\/person\/c2708fd59c10ee6837eaa0b41e86f54b","name":"Psic\u00f3loga Aline Bezerra - CRP 17\/2838","image":{"@type":"ImageObject","inLanguage":"pt-BR","@id":"https:\/\/www.telavita.com.br\/blog\/#\/schema\/person\/image\/","url":"https:\/\/secure.gravatar.com\/avatar\/b9e6a7ae6b603c567b7d5c54c10b4e53?s=96&d=mm&r=g","contentUrl":"https:\/\/secure.gravatar.com\/avatar\/b9e6a7ae6b603c567b7d5c54c10b4e53?s=96&d=mm&r=g","caption":"Psic\u00f3loga Aline Bezerra - CRP 17\/2838"},"description":"Psic\u00f3loga cl\u00ednica e escolar graduada pela Universidade Federal do Rio Grande do Norte, p\u00f3s-graduada em Neuropsicologia e Problemas de Aprendizagem pela FAVENI e em Terapia familiar pela faculdade FUTURA.","url":"https:\/\/www.telavita.com.br\/blog\/author\/alinebezerra\/"}]}},"modified_by":null,"_links":{"self":[{"href":"https:\/\/www.telavita.com.br\/blog\/wp-json\/wp\/v2\/posts\/9023"}],"collection":[{"href":"https:\/\/www.telavita.com.br\/blog\/wp-json\/wp\/v2\/posts"}],"about":[{"href":"https:\/\/www.telavita.com.br\/blog\/wp-json\/wp\/v2\/types\/post"}],"author":[{"embeddable":true,"href":"https:\/\/www.telavita.com.br\/blog\/wp-json\/wp\/v2\/users\/37"}],"replies":[{"embeddable":true,"href":"https:\/\/www.telavita.com.br\/blog\/wp-json\/wp\/v2\/comments?post=9023"}],"version-history":[{"count":3,"href":"https:\/\/www.telavita.com.br\/blog\/wp-json\/wp\/v2\/posts\/9023\/revisions"}],"predecessor-version":[{"id":9027,"href":"https:\/\/www.telavita.com.br\/blog\/wp-json\/wp\/v2\/posts\/9023\/revisions\/9027"}],"wp:featuredmedia":[{"embeddable":true,"href":"https:\/\/www.telavita.com.br\/blog\/wp-json\/wp\/v2\/media\/9024"}],"wp:attachment":[{"href":"https:\/\/www.telavita.com.br\/blog\/wp-json\/wp\/v2\/media?parent=9023"}],"wp:term":[{"taxonomy":"category","embeddable":true,"href":"https:\/\/www.telavita.com.br\/blog\/wp-json\/wp\/v2\/categories?post=9023"},{"taxonomy":"post_tag","embeddable":true,"href":"https:\/\/www.telavita.com.br\/blog\/wp-json\/wp\/v2\/tags?post=9023"}],"curies":[{"name":"wp","href":"https:\/\/api.w.org\/{rel}","templated":true}]}}