{"id":9046,"date":"2023-10-20T15:43:18","date_gmt":"2023-10-20T18:43:18","guid":{"rendered":"https:\/\/www.telavita.com.br\/blog\/?p=9046"},"modified":"2023-10-20T15:43:46","modified_gmt":"2023-10-20T18:43:46","slug":"arte-e-saude-mental","status":"publish","type":"post","link":"https:\/\/www.telavita.com.br\/blog\/arte-e-saude-mental\/","title":{"rendered":"A rela\u00e7\u00e3o entre arte e sa\u00fade mental"},"content":{"rendered":"<p><b>Arte e sa\u00fade mental:<\/b><span style=\"font-weight: 400;\"> a rela\u00e7\u00e3o entre esses dois aspectos, como forma de express\u00e3o humana, transcende fronteiras e enriquece nossa experi\u00eancia, estimulando a reflex\u00e3o, a imagina\u00e7\u00e3o e a emo\u00e7\u00e3o.<\/span><\/p>\n<p><span style=\"font-weight: 400;\">A aprecia\u00e7\u00e3o da arte \u00e9 <\/span><b>altamente subjetiva e pessoal<\/b><span style=\"font-weight: 400;\"> e o significado e o valor emocional de uma obra podem variar de pessoa para pessoa. Entretanto, neste texto, exploraremos mais sobre os impactos positivos da arte na vida humana e seu papel na sa\u00fade mental.<\/span><\/p>\n<h2><b>O impacto da arte na subjetividade humana<\/b><\/h2>\n<p><span style=\"font-weight: 400;\">A arte tem um impacto significativo na subjetividade humana, <\/span><b>ela reflete valores, cren\u00e7as e identidades culturais<\/b><span style=\"font-weight: 400;\">, bem como desafia normas e provoca mudan\u00e7as sociais.\u00a0<\/span><\/p>\n<p><span style=\"font-weight: 400;\">Nesse sentido, sua interpreta\u00e7\u00e3o permite que cada um veja e sinta de maneira \u00fanica, com base em suas pr\u00f3prias experi\u00eancias e perspectivas,<\/span><b> o que na psicologia chamamos de proje\u00e7\u00e3o.<\/b><\/p>\n<p><span style=\"font-weight: 400;\">Portanto, \u00e9 comum a proje\u00e7\u00e3o do nosso interior na arte. Dessa forma, <\/span><a href=\"https:\/\/www.telavita.com.br\/blog\/autoconhecimento\/\"><b>promovemos nosso autoconhecimento<\/b><\/a><span style=\"font-weight: 400;\"> e ressignificamos tamb\u00e9m nossas <\/span><b>experi\u00eancias traum\u00e1ticas e ang\u00fastias internas.<\/b><\/p>\n<h2><b>Arte e sa\u00fade mental: Qual \u00e9 a rela\u00e7\u00e3o entre ambas?<\/b><\/h2>\n<p><span style=\"font-weight: 400;\">A rela\u00e7\u00e3o entre arte e sa\u00fade mental \u00e9 simples: <\/span><b>a catarse promovida pela arte permite que as pessoas expressem emo\u00e7\u00f5es. <\/b><span style=\"font-weight: 400;\">Isso, por sua vez, promove a\u00a0 liberta\u00e7\u00e3o de tens\u00f5es e o processamento de experi\u00eancias pessoais atrav\u00e9s da cria\u00e7\u00e3o ou <\/span><a href=\"https:\/\/www.telavita.com.br\/blog\/crianca-e-a-arte\/\"><b>aprecia\u00e7\u00e3o de obras art\u00edsticas.<\/b><\/a><span style=\"font-weight: 400;\"> Estas, podem se dar por meio da:<\/span><\/p>\n<ul>\n<li style=\"font-weight: 400;\" aria-level=\"1\"><span style=\"font-weight: 400;\">m\u00fasica;<\/span><\/li>\n<li style=\"font-weight: 400;\" aria-level=\"1\"><span style=\"font-weight: 400;\">pintura;<\/span><\/li>\n<li style=\"font-weight: 400;\" aria-level=\"1\"><span style=\"font-weight: 400;\">literatura;<\/span><\/li>\n<li style=\"font-weight: 400;\" aria-level=\"1\"><span style=\"font-weight: 400;\">teatro;<\/span><\/li>\n<li style=\"font-weight: 400;\" aria-level=\"1\"><span style=\"font-weight: 400;\">cinema;<\/span><\/li>\n<li style=\"font-weight: 400;\" aria-level=\"1\"><span style=\"font-weight: 400;\">entre outros.<\/span><\/li>\n<\/ul>\n<p><span style=\"font-weight: 400;\">Desse modo, atrav\u00e9s da identifica\u00e7\u00e3o com o personagem ou com o tema, podemos <\/span><b>encontrar consolo, compreens\u00e3o e al\u00edvio emocional.<\/b><span style=\"font-weight: 400;\"> Portanto, a catarse atrav\u00e9s da arte \u00e9 uma maneira poderosa de lidar com a complexidade da vida.<\/span><\/p>\n<h2><b>10 efeitos positivos da arte<\/b><\/h2>\n<p><span style=\"font-weight: 400;\">Quando \u00e9 o pr\u00f3prio sujeito que produz a arte, sua cria\u00e7\u00e3o permite a express\u00e3o de emo\u00e7\u00f5es complexas que podem ser dif\u00edceis de se comunicar em palavras.<\/span> Assim, <b>pintar, desenhar, escrever, dan\u00e7ar ou tocar instrumentos<\/b><span style=\"font-weight: 400;\"> s\u00e3o meios potentes de liberar sentimentos reprimidos.\u00a0<\/span><\/p>\n<p><span style=\"font-weight: 400;\">Com efeito, a arte tem um impacto positivo na sa\u00fade mental e emocional das pessoas, proporcionando formas de express\u00e3o e comunica\u00e7\u00e3o. Logo, muitas pessoas encontram conforto, al\u00edvio do estresse e equil\u00edbrio emocional atrav\u00e9s da cria\u00e7\u00e3o e\/ou aprecia\u00e7\u00e3o art\u00edstica.<\/span><b> A arte apoia a cura de v\u00e1rias maneiras, como:\u00a0<\/b><b><\/b><\/p>\n<h3><b>1. Na express\u00e3o emocional<\/b><\/h3>\n<p><span style=\"font-weight: 400;\">A cria\u00e7\u00e3o art\u00edstica permite que as pessoas expressem emo\u00e7\u00f5es complexas, <\/span><a href=\"https:\/\/www.telavita.com.br\/blog\/saiba-como-combater-o-estresse\/\"><b>aliviando o estresse e a ansiedade.<\/b><\/a> <span style=\"font-weight: 400;\">Dessa forma, ela oferece um canal seguro para liberar sentimentos reprimidos<\/span><b>, possibilitando a explora\u00e7\u00e3o e compreens\u00e3o das pr\u00f3prias emo\u00e7\u00f5es.<\/b><\/p>\n<p><b><\/b><\/p>\n<h3><b>2. No favorecimento da reflex\u00e3o<\/b><b><\/b><\/h3>\n<p><span style=\"font-weight: 400;\">A cria\u00e7\u00e3o art\u00edstica tamb\u00e9m pode <\/span><b>incentivar a reflex\u00e3o sobre a vida<\/b><span style=\"font-weight: 400;\">, valores e experi\u00eancias pessoais, auxiliando no processo de autoconhecimento. Logo, ao se envolver com obras de arte, as pessoas muitas vezes <\/span><b>se deparam com temas profundos que as fazem repensar suas perspectivas<\/b><span style=\"font-weight: 400;\"> e ganhar uma compreens\u00e3o mais profunda de si mesmas.<\/span><\/p>\n<h3><b>3. No autoconhecimento<\/b><b><\/b><\/h3>\n<p><span style=\"font-weight: 400;\">Ao explorar a arte, as pessoas podem se conhecer melhor, identificando pensamentos e sentimentos que podem n\u00e3o estar conscientes de outra forma. Entretanto, a an\u00e1lise de suas pr\u00f3prias rea\u00e7\u00f5es \u00e0 arte e a compreens\u00e3o das raz\u00f5es por tr\u00e1s dessas respostas<\/span><b> podem revelar aspectos ocultos do consciente.<\/b><\/p>\n<h3><b>4. Na redu\u00e7\u00e3o do estresse<\/b><b><\/b><\/h3>\n<p><span style=\"font-weight: 400;\">A pr\u00e1tica art\u00edstica pode funcionar como <\/span><a href=\"https:\/\/www.telavita.com.br\/blog\/meditacao-conheca-os-beneficios-e-saiba-como-meditar\/\"><b>uma forma de medita\u00e7\u00e3o<\/b><\/a><span style=\"font-weight: 400;\">, reduzindo o estresse e promovendo o relaxamento. Durante o processo criativo, as pessoas muitas vezes se concentram inteiramente em sua arte, <\/span><b>deixando de lado preocupa\u00e7\u00f5es e distra\u00e7\u00f5es do dia a dia.\u00a0<\/b><b><\/b><\/p>\n<h3><b>5. Na constru\u00e7\u00e3o de resili\u00eancia<\/b><\/h3>\n<p><span style=\"font-weight: 400;\">Enfrentar desafios criativos na arte ajuda a <\/span><a href=\"https:\/\/www.telavita.com.br\/blog\/resiliencia-inteligencia-emocional\/\"><b>desenvolver habilidades de resili\u00eancia<\/b><\/a> <span style=\"font-weight: 400;\">que podem ser aplicadas em outras \u00e1reas da vida. Sendo assim, a resolu\u00e7\u00e3o de problemas art\u00edsticos e a supera\u00e7\u00e3o de obst\u00e1culos no processo criativo <strong>f<\/strong><\/span><b>ortalecem a capacidade de lidar com adversidades, incertezas e fracassos.\u00a0<\/b><b><\/b><\/p>\n<h3><b>6. No aprimoramento da comunica\u00e7\u00e3o n\u00e3o verbal<\/b><b><\/b><\/h3>\n<p><span style=\"font-weight: 400;\">A arte permite a comunica\u00e7\u00e3o de experi\u00eancias e emo\u00e7\u00f5es de forma n\u00e3o verbal, \u00fatil para a<\/span><b>queles que t\u00eam dificuldade em expressar-se verbalmente.<\/b><span style=\"font-weight: 400;\"> Isso \u00e9 especialmente valioso em terapias para <\/span><a href=\"https:\/\/www.telavita.com.br\/blog\/sinais-de-autismo\/\"><b>pessoas com autismo<\/b><\/a><span style=\"font-weight: 400;\"> ou outras condi\u00e7\u00f5es que afetam a comunica\u00e7\u00e3o.<\/span><\/p>\n<h3><b>7. No senso de realiza\u00e7\u00e3o<\/b><\/h3>\n<p><span style=\"font-weight: 400;\">Ao completar uma obra de arte, as pessoas frequentemente experimentam uma <\/span><b>sensa\u00e7\u00e3o de conquista e orgulho em seu trabalho.<\/b><span style=\"font-weight: 400;\"> Todavia, esse sentimento positivo de realiza\u00e7\u00e3o pode ser transferido para outras \u00e1reas da vida, impulsionando a <\/span><a href=\"https:\/\/www.telavita.com.br\/blog\/desenvolver-autoconfianca\/\"><b>confian\u00e7a e a autoestima.<\/b><\/a><b>\u00a0<\/b><\/p>\n<h3><b>8. Promovendo a catarse<\/b><\/h3>\n<p><span style=\"font-weight: 400;\">O ato de apreciar ou criar arte pode levar a uma catarse emocional, onde <\/span><b>as pessoas se sentem aliviadas ou liberadas de emo\u00e7\u00f5es intensas<\/b><span style=\"font-weight: 400;\"> depois de entrar em contato com uma obra de arte que ressoa com elas.<\/span><\/p>\n<h3><b>9. No est\u00edmulo de conex\u00e3o social<\/b><\/h3>\n<p><span style=\"font-weight: 400;\">Participar de atividades art\u00edsticas, como aulas de arte em grupo, pode <\/span><b>promover a intera\u00e7\u00e3o social e construir conex\u00f5es com outras pessoas<\/b><span style=\"font-weight: 400;\">, o que \u00e9 ben\u00e9fico para o bem-estar emocional.<\/span><\/p>\n<h3><b>10. Inspirando e dando mais esperan\u00e7a<\/b><\/h3>\n<p><span style=\"font-weight: 400;\">Obras de arte podem inspirar, motivar e fornecer esperan\u00e7a, oferecendo uma vis\u00e3o positiva do mundo ou da vida. Contudo, muitas vezes, a arte retrata a beleza, a resili\u00eancia e a capacidade humana de superar desafios, <\/span><b>servindo como uma fonte de inspira\u00e7\u00e3o para aqueles que a contemplam.\u00a0<\/b><\/p>\n<h2><b>A arte como aux\u00edlio no tratamento psicol\u00f3gico<\/b><\/h2>\n<p><span style=\"font-weight: 400;\">Como se v\u00ea, <\/span><b>arte e sa\u00fade mental s\u00e3o elementos que se complementam muito bem.<\/b><span style=\"font-weight: 400;\"> A partir dessa rela\u00e7\u00e3o entre ambas, \u00e9 poss\u00edvel ajudar as pessoas a se expressarem, se curarem e se fortalecerem emocionalmente.<\/span><\/p>\n<p><span style=\"font-weight: 400;\">Para o <\/span><a href=\"https:\/\/www.telavita.com.br\/blog\/transtornos-mentais-comuns\/\"><b>tratamento de psicopatologias<\/b><\/a><span style=\"font-weight: 400;\">, <\/span><b>a arte est\u00e1 no cerne das seguintes abordagens terap\u00eauticas:\u00a0\u00a0<\/b><\/p>\n<h3><b>Terapia de arte expressiva<\/b><\/h3>\n<p><span style=\"font-weight: 400;\">A terapia de arte expressiva envolve a cria\u00e7\u00e3o de arte como meio de express\u00e3o emocional. Isso pode ajudar os indiv\u00edduos a <\/span><b>explorar e comunicar seus sentimentos e pensamentos de uma maneira n\u00e3o verbal.<\/b><\/p>\n<h3><b>Arteterapia<\/b><\/h3>\n<p><span style=\"font-weight: 400;\">A <\/span><b>arteterapia<\/b><span style=\"font-weight: 400;\"> \u00e9 uma forma de terapia que usa a cria\u00e7\u00e3o de arte guiada por um terapeuta treinado. Os pacientes trabalham em projetos de arte espec\u00edficos que <\/span><b>ajudam a abordar quest\u00f5es emocionais e psicol\u00f3gicas.<\/b><\/p>\n<h3><b>Di\u00e1rio de arte<\/b><\/h3>\n<p><span style=\"font-weight: 400;\">Manter um <\/span><a href=\"https:\/\/www.telavita.com.br\/blog\/diario-das-emocoes\/\"><b>di\u00e1rio de arte<\/b><\/a><span style=\"font-weight: 400;\">, onde voc\u00ea desenha, pinta ou escreve sobre suas experi\u00eancias e emo\u00e7\u00f5es, pode ser uma maneira eficaz de <\/span><b>auto express\u00e3o e autorreflex\u00e3o.<\/b><\/p>\n<h3><b>Grupos de Arte-terap\u00eautica<\/b><\/h3>\n<p><span style=\"font-weight: 400;\">Participar de grupos de arte-terap\u00eautica pode criar um senso de comunidade e apoio, permitindo que os participantes <\/span><b>compartilhem suas experi\u00eancias e se inspirem uns nos outros.<\/b><\/p>\n<h3><b>Terapia de movimento e dan\u00e7a<\/b><\/h3>\n<p><span style=\"font-weight: 400;\">A dan\u00e7a e o movimento tamb\u00e9m s\u00e3o formas de arte que podem ajudar a liberar emo\u00e7\u00f5es e <\/span><a href=\"https:\/\/www.telavita.com.br\/blog\/rotina-de-autocuidado-cuidar-da-saude-mental\/\"><b>melhorar o bem-estar mental.<\/b><\/a> <span style=\"font-weight: 400;\">A terapia de movimento e dan\u00e7a envolve a explora\u00e7\u00e3o consciente e a <\/span><b>express\u00e3o dos sentimentos e pensamentos por meio do movimento do corpo.\u00a0<\/b><\/p>\n<h2><b>A sa\u00fade mental como pauta<\/b><\/h2>\n<p><span style=\"font-weight: 400;\">Embora a arte possa ser terap\u00eautica, \u00e9 importante notar que <\/span><b>ela n\u00e3o substitui tratamentos m\u00e9dicos ou psicol\u00f3gicos adequados quando necess\u00e1rio. <\/b><span style=\"font-weight: 400;\">Sendo assim, a arte \u00e9 uma <\/span><b>ferramenta complementar<\/b><span style=\"font-weight: 400;\"> que pode apoiar o bem-estar emocional e a cura, mas n\u00e3o necessariamente para todas as condi\u00e7\u00f5es de sa\u00fade.\u00a0<\/span><\/p>\n<p><span style=\"font-weight: 400;\">Para seguran\u00e7a e colheita dos melhores resultados, <\/span><b>consulte um psic\u00f3logo especializado para uma orienta\u00e7\u00e3o personalizada<\/b><span style=\"font-weight: 400;\">, com base nas suas necessidades espec\u00edficas.<\/span><\/p>\n<span class='mb-center maxbutton-3-center'><span class='maxbutton-3-container mb-container'><a class=\"maxbutton-3 maxbutton maxbutton-manda-para-pagina-psicologos\" href=\"https:\/\/app.telavita.com.br\/psicologia-online\/encontre-seu-psicologo\"><span class='mb-text'>Agende agora uma consulta com psic\u00f3logo<\/span><\/a><\/span><\/span>\n","protected":false},"excerpt":{"rendered":"<p>Arte e sa\u00fade mental: a rela\u00e7\u00e3o entre esses dois aspectos, como forma de express\u00e3o humana, transcende fronteiras e enriquece nossa experi\u00eancia, estimulando a reflex\u00e3o, a imagina\u00e7\u00e3o e a emo\u00e7\u00e3o. A aprecia\u00e7\u00e3o da arte \u00e9 altamente subjetiva e pessoal e o significado e o valor emocional de uma obra podem variar de pessoa para pessoa. Entretanto, [&hellip;]<\/p>\n","protected":false},"author":29,"featured_media":9047,"comment_status":"open","ping_status":"open","sticky":false,"template":"","format":"standard","meta":{"_lmt_disableupdate":"","_lmt_disable":"","footnotes":""},"categories":[266],"tags":[],"yoast_head":"<!-- This site is optimized with the Yoast SEO plugin v19.8 - https:\/\/yoast.com\/wordpress\/plugins\/seo\/ -->\n<title>Arte e sa\u00fade mental: 10 impactos psicol\u00f3gicos positivos - Telavita<\/title>\n<meta name=\"description\" content=\"Arte e sa\u00fade mental s\u00e3o elementos que juntos podem trazer efeitos significativos para a vida humana. Saiba a rela\u00e7\u00e3o entre ambos.\" \/>\n<meta name=\"robots\" content=\"index, follow, max-snippet:-1, max-image-preview:large, max-video-preview:-1\" \/>\n<link rel=\"canonical\" href=\"https:\/\/www.telavita.com.br\/blog\/arte-e-saude-mental\/\" \/>\n<meta property=\"og:locale\" content=\"pt_BR\" \/>\n<meta property=\"og:type\" content=\"article\" \/>\n<meta property=\"og:title\" content=\"Arte e sa\u00fade mental: 10 impactos psicol\u00f3gicos positivos - Telavita\" \/>\n<meta property=\"og:description\" content=\"Arte e sa\u00fade mental s\u00e3o elementos que juntos podem trazer efeitos significativos para a vida humana. Saiba a rela\u00e7\u00e3o entre ambos.\" \/>\n<meta property=\"og:url\" content=\"https:\/\/www.telavita.com.br\/blog\/arte-e-saude-mental\/\" \/>\n<meta property=\"og:site_name\" content=\"Telavita\" \/>\n<meta property=\"article:publisher\" content=\"https:\/\/www.facebook.com\/Telavita\" \/>\n<meta property=\"article:published_time\" content=\"2023-10-20T18:43:18+00:00\" \/>\n<meta property=\"article:modified_time\" content=\"2023-10-20T18:43:46+00:00\" \/>\n<meta property=\"og:image\" content=\"https:\/\/www.telavita.com.br\/blog\/wp-content\/uploads\/2023\/10\/arte-e-saude-mental.jpg\" \/>\n\t<meta property=\"og:image:width\" content=\"2560\" \/>\n\t<meta property=\"og:image:height\" content=\"1707\" \/>\n\t<meta property=\"og:image:type\" content=\"image\/jpeg\" \/>\n<meta name=\"author\" content=\"Psic\u00f3loga M\u00f4nica Silveira - CRP 06\/92287\" \/>\n<meta name=\"twitter:card\" content=\"summary_large_image\" \/>\n<meta name=\"twitter:label1\" content=\"Escrito por\" \/>\n\t<meta name=\"twitter:data1\" content=\"Psic\u00f3loga M\u00f4nica Silveira - CRP 06\/92287\" \/>\n\t<meta name=\"twitter:label2\" content=\"Est. tempo de leitura\" \/>\n\t<meta name=\"twitter:data2\" content=\"7 minutos\" \/>\n<!-- \/ Yoast SEO plugin. -->","yoast_head_json":{"title":"Arte e sa\u00fade mental: 10 impactos psicol\u00f3gicos positivos - Telavita","description":"Arte e sa\u00fade mental s\u00e3o elementos que juntos podem trazer efeitos significativos para a vida humana. Saiba a rela\u00e7\u00e3o entre ambos.","robots":{"index":"index","follow":"follow","max-snippet":"max-snippet:-1","max-image-preview":"max-image-preview:large","max-video-preview":"max-video-preview:-1"},"canonical":"https:\/\/www.telavita.com.br\/blog\/arte-e-saude-mental\/","og_locale":"pt_BR","og_type":"article","og_title":"Arte e sa\u00fade mental: 10 impactos psicol\u00f3gicos positivos - Telavita","og_description":"Arte e sa\u00fade mental s\u00e3o elementos que juntos podem trazer efeitos significativos para a vida humana. Saiba a rela\u00e7\u00e3o entre ambos.","og_url":"https:\/\/www.telavita.com.br\/blog\/arte-e-saude-mental\/","og_site_name":"Telavita","article_publisher":"https:\/\/www.facebook.com\/Telavita","article_published_time":"2023-10-20T18:43:18+00:00","article_modified_time":"2023-10-20T18:43:46+00:00","og_image":[{"width":2560,"height":1707,"url":"https:\/\/www.telavita.com.br\/blog\/wp-content\/uploads\/2023\/10\/arte-e-saude-mental.jpg","type":"image\/jpeg"}],"author":"Psic\u00f3loga M\u00f4nica Silveira - CRP 06\/92287","twitter_card":"summary_large_image","twitter_misc":{"Escrito por":"Psic\u00f3loga M\u00f4nica Silveira - CRP 06\/92287","Est. tempo de leitura":"7 minutos"},"schema":{"@context":"https:\/\/schema.org","@graph":[{"@type":"Article","@id":"https:\/\/www.telavita.com.br\/blog\/arte-e-saude-mental\/#article","isPartOf":{"@id":"https:\/\/www.telavita.com.br\/blog\/arte-e-saude-mental\/"},"author":{"name":"Psic\u00f3loga M\u00f4nica Silveira - CRP 06\/92287","@id":"https:\/\/www.telavita.com.br\/blog\/#\/schema\/person\/e47c394b8ff6bf551130fa98e7b9916d"},"headline":"A rela\u00e7\u00e3o entre arte e sa\u00fade mental","datePublished":"2023-10-20T18:43:18+00:00","dateModified":"2023-10-20T18:43:46+00:00","mainEntityOfPage":{"@id":"https:\/\/www.telavita.com.br\/blog\/arte-e-saude-mental\/"},"wordCount":1268,"commentCount":0,"publisher":{"@id":"https:\/\/www.telavita.com.br\/blog\/#organization"},"articleSection":["Autoconhecimento"],"inLanguage":"pt-BR","potentialAction":[{"@type":"CommentAction","name":"Comment","target":["https:\/\/www.telavita.com.br\/blog\/arte-e-saude-mental\/#respond"]}]},{"@type":"WebPage","@id":"https:\/\/www.telavita.com.br\/blog\/arte-e-saude-mental\/","url":"https:\/\/www.telavita.com.br\/blog\/arte-e-saude-mental\/","name":"Arte e sa\u00fade mental: 10 impactos psicol\u00f3gicos positivos - Telavita","isPartOf":{"@id":"https:\/\/www.telavita.com.br\/blog\/#website"},"datePublished":"2023-10-20T18:43:18+00:00","dateModified":"2023-10-20T18:43:46+00:00","description":"Arte e sa\u00fade mental s\u00e3o elementos que juntos podem trazer efeitos significativos para a vida humana. Saiba a rela\u00e7\u00e3o entre ambos.","breadcrumb":{"@id":"https:\/\/www.telavita.com.br\/blog\/arte-e-saude-mental\/#breadcrumb"},"inLanguage":"pt-BR","potentialAction":[{"@type":"ReadAction","target":["https:\/\/www.telavita.com.br\/blog\/arte-e-saude-mental\/"]}]},{"@type":"BreadcrumbList","@id":"https:\/\/www.telavita.com.br\/blog\/arte-e-saude-mental\/#breadcrumb","itemListElement":[{"@type":"ListItem","position":1,"name":"In\u00edcio","item":"https:\/\/www.telavita.com.br\/blog\/"},{"@type":"ListItem","position":2,"name":"A rela\u00e7\u00e3o entre arte e sa\u00fade mental"}]},{"@type":"WebSite","@id":"https:\/\/www.telavita.com.br\/blog\/#website","url":"https:\/\/www.telavita.com.br\/blog\/","name":"Telavita","description":"Conte\u00fados especializados sobre sa\u00fade mental e bem-estar","publisher":{"@id":"https:\/\/www.telavita.com.br\/blog\/#organization"},"potentialAction":[{"@type":"SearchAction","target":{"@type":"EntryPoint","urlTemplate":"https:\/\/www.telavita.com.br\/blog\/?s={search_term_string}"},"query-input":"required name=search_term_string"}],"inLanguage":"pt-BR"},{"@type":"Organization","@id":"https:\/\/www.telavita.com.br\/blog\/#organization","name":"Telavita","url":"https:\/\/www.telavita.com.br\/blog\/","sameAs":["https:\/\/www.linkedin.com\/company\/telavita\/mycompany\/verification\/","https:\/\/www.instagram.com\/telavita\/","https:\/\/www.facebook.com\/Telavita"],"logo":{"@type":"ImageObject","inLanguage":"pt-BR","@id":"https:\/\/www.telavita.com.br\/blog\/#\/schema\/logo\/image\/","url":"https:\/\/www.telavita.com.br\/blog\/wp-content\/uploads\/2021\/05\/telavita.jpg","contentUrl":"https:\/\/www.telavita.com.br\/blog\/wp-content\/uploads\/2021\/05\/telavita.jpg","width":200,"height":200,"caption":"Telavita"},"image":{"@id":"https:\/\/www.telavita.com.br\/blog\/#\/schema\/logo\/image\/"}},{"@type":"Person","@id":"https:\/\/www.telavita.com.br\/blog\/#\/schema\/person\/e47c394b8ff6bf551130fa98e7b9916d","name":"Psic\u00f3loga M\u00f4nica Silveira - CRP 06\/92287","image":{"@type":"ImageObject","inLanguage":"pt-BR","@id":"https:\/\/www.telavita.com.br\/blog\/#\/schema\/person\/image\/","url":"https:\/\/secure.gravatar.com\/avatar\/08c63ce80716a31cba2755f0a13f4d4a?s=96&d=mm&r=g","contentUrl":"https:\/\/secure.gravatar.com\/avatar\/08c63ce80716a31cba2755f0a13f4d4a?s=96&d=mm&r=g","caption":"Psic\u00f3loga M\u00f4nica Silveira - CRP 06\/92287"},"description":"Sou psic\u00f3loga formada desde 2005, e me especializei em Psicologia Anal\u00edtica, de C. Jung. Durante todo esse tempo venho estudando incansavelmente a mente, as emo\u00e7\u00f5es e o comportamento humano para tentar chegar cada vez mais perto da compreens\u00e3o dos dilemas e dos mist\u00e9rios humanos. Me considero uma eterna aprendiz. Minha metodologia terap\u00eautica envolve a an\u00e1lise, o mergulho no inconsciente, e o estudo dos arqu\u00e9tipos manifestados. Meu prop\u00f3sito \u00e9 diminuir a dor da alma, e auxiliar meu cliente na conquista de uma vida interior rica, s\u00f3lida e saud\u00e1vel. Atendimento a partir dos 16 anos de idade.","url":"https:\/\/www.telavita.com.br\/blog\/author\/monica-silveira\/"}]}},"modified_by":null,"_links":{"self":[{"href":"https:\/\/www.telavita.com.br\/blog\/wp-json\/wp\/v2\/posts\/9046"}],"collection":[{"href":"https:\/\/www.telavita.com.br\/blog\/wp-json\/wp\/v2\/posts"}],"about":[{"href":"https:\/\/www.telavita.com.br\/blog\/wp-json\/wp\/v2\/types\/post"}],"author":[{"embeddable":true,"href":"https:\/\/www.telavita.com.br\/blog\/wp-json\/wp\/v2\/users\/29"}],"replies":[{"embeddable":true,"href":"https:\/\/www.telavita.com.br\/blog\/wp-json\/wp\/v2\/comments?post=9046"}],"version-history":[{"count":2,"href":"https:\/\/www.telavita.com.br\/blog\/wp-json\/wp\/v2\/posts\/9046\/revisions"}],"predecessor-version":[{"id":9049,"href":"https:\/\/www.telavita.com.br\/blog\/wp-json\/wp\/v2\/posts\/9046\/revisions\/9049"}],"wp:featuredmedia":[{"embeddable":true,"href":"https:\/\/www.telavita.com.br\/blog\/wp-json\/wp\/v2\/media\/9047"}],"wp:attachment":[{"href":"https:\/\/www.telavita.com.br\/blog\/wp-json\/wp\/v2\/media?parent=9046"}],"wp:term":[{"taxonomy":"category","embeddable":true,"href":"https:\/\/www.telavita.com.br\/blog\/wp-json\/wp\/v2\/categories?post=9046"},{"taxonomy":"post_tag","embeddable":true,"href":"https:\/\/www.telavita.com.br\/blog\/wp-json\/wp\/v2\/tags?post=9046"}],"curies":[{"name":"wp","href":"https:\/\/api.w.org\/{rel}","templated":true}]}}