{"id":9069,"date":"2023-11-21T17:05:41","date_gmt":"2023-11-21T19:05:41","guid":{"rendered":"https:\/\/www.telavita.com.br\/blog\/?p=9069"},"modified":"2023-11-21T17:06:08","modified_gmt":"2023-11-21T19:06:08","slug":"comportamento-impulsivo","status":"publish","type":"post","link":"https:\/\/www.telavita.com.br\/blog\/comportamento-impulsivo\/","title":{"rendered":"A rela\u00e7\u00e3o dos comportamentos impulsivos com o Transtorno Explosivo Intermitente"},"content":{"rendered":"<p><span style=\"font-weight: 400;\">O<\/span><b> comportamento impulsivo<\/b><span style=\"font-weight: 400;\"> \u00e9 uma caracter\u00edstica humana intr\u00ednseca, sendo muitas vezes definido como a tend\u00eancia a agir sem considerar as consequ\u00eancias a longo prazo. No entanto, esta propens\u00e3o pode ser observada em diversos contextos e est\u00e1 associada a uma s\u00e9rie de desafios na <\/span><b>esfera pessoal, social e profissional.\u00a0<\/b><\/p>\n<p><span style=\"font-weight: 400;\">J\u00e1 no \u00e2mbito cl\u00ednico, o <\/span><a href=\"https:\/\/www.telavita.com.br\/blog\/tei-sindrome-de-hulk\/\"><b>Transtorno do Explosivo Intermitente (TEI)<\/b><\/a><span style=\"font-weight: 400;\"> emerge como um fen\u00f4meno psicol\u00f3gico que amplifica e desregula o comportamento impulsivo, <\/span><b>manifestando-se de maneira intensa e persistente<\/b><span style=\"font-weight: 400;\">. O que \u00e9 o comportamento impulsivo e como ele surge no TEI<\/span><\/p>\n<h2><b>O que \u00e9 o comportamento impulsivo e sua rela\u00e7\u00e3o com o TEI<\/b><\/h2>\n<p><span style=\"font-weight: 400;\">O comportamento impulsivo \u00e9 caracterizado pela propens\u00e3o a agir de maneira r\u00e1pida e sem considerar adequadamente as consequ\u00eancias a longo prazo. Indiv\u00edduos impulsivos muitas vezes t\u00eam <\/span><b>dificuldade em inibir respostas imediatas<\/b><span style=\"font-weight: 400;\">, mesmo quando essas a\u00e7\u00f5es podem ser prejudiciais ou contraproducentes.\u00a0<\/span><\/p>\n<p><span style=\"font-weight: 400;\">O <\/span><b>Transtorno Explosivo Intermitente (TEI) <\/b><span style=\"font-weight: 400;\">\u00e9 caracterizado por <\/span><b>\u201cexplos\u00f5es de raiva\u201d<\/b><span style=\"font-weight: 400;\">, marcadas por comportamento impulsivo e agressividade intensa, afetando diretamente a capacidade de <\/span><b>controle dos impulsos agressivos<\/b><span style=\"font-weight: 400;\">, frente a est\u00edmulos sociais ou do ambiente que n\u00e3o justifiquem o comportamento.\u00a0<\/span><\/p>\n<p><span style=\"font-weight: 400;\">Entretanto, no contexto do TEI, a impulsividade se manifesta principalmente atrav\u00e9s desses <\/span><a href=\"https:\/\/www.telavita.com.br\/blog\/como-administrar-raiva\/\"><b>epis\u00f3dios de explos\u00f5es de raiva incontrol\u00e1veis.<\/b><\/a> <span style=\"font-weight: 400;\">Esses epis\u00f3dios s\u00e3o frequentemente desencadeados por situa\u00e7\u00f5es percebidas como provocativas, <\/span><b>mas a rea\u00e7\u00e3o explosiva vai al\u00e9m do que seria considerado socialmente aceit\u00e1vel.<\/b><\/p>\n<h2><b>As causas do comportamento impulsivo<\/b><\/h2>\n<p><span style=\"font-weight: 400;\">O comportamento impulsivo pode ter diversas causas, e sua origem geralmente \u00e9 multifatorial, envolvendo uma combina\u00e7\u00e3o de<\/span><b> fatores gen\u00e9ticos, neurobiol\u00f3gicos, psicol\u00f3gicos e ambientais.<\/b><span style=\"font-weight: 400;\">\u00a0<\/span><\/p>\n<p><span style=\"font-weight: 400;\">Sobretudo, quando falamos do comportamento impulsivo dentro do TEI, podemos dizer que a origem do transtorno<\/span> <span style=\"font-weight: 400;\">pode ser espec\u00edfica <\/span><b>ou consequ\u00eancia de uma combina\u00e7\u00e3o de fatores. <\/b><span style=\"font-weight: 400;\">Ainda,\u00a0 pessoas que passaram por situa\u00e7\u00f5es de estresse ou <\/span><a href=\"https:\/\/www.telavita.com.br\/blog\/estupro-de-vulneravel\/\"><b>abusos na inf\u00e2ncia<\/b><\/a> <span style=\"font-weight: 400;\">t\u00eam maior probabilidade de desenvolver esse dist\u00farbio.<\/span><\/p>\n<h2><b>Os impactos do TEI e a presen\u00e7a dos comportamentos impulsivos<\/b><\/h2>\n<p><b>Comportamentos impulsivos <\/b><span style=\"font-weight: 400;\">podem acarretar <\/span><b>consequ\u00eancias graves<\/b><span style=\"font-weight: 400;\">, impactando negativamente os relacionamentos interpessoais, levando a conflitos familiares, problemas no ambiente de trabalho e at\u00e9 quest\u00f5es legais caso os comportamentos agressivos levem \u00e0 <\/span><b>viola\u00e7\u00e3o dos direitos <\/b><span style=\"font-weight: 400;\">de outras pessoas e figuras de autoridades.\u00a0<\/span><\/p>\n<p><span style=\"font-weight: 400;\">Dessa forma, esse transtorno pode afetar significativamente o bem-estar mental e emocional da pessoa, causando <\/span><a href=\"https:\/\/www.telavita.com.br\/blog\/sintomas-de-estresse\/\"><b>estresse cr\u00f4nico e isolamento social.<\/b><\/a><b>\u00a0<\/b><\/p>\n<p><span style=\"font-weight: 400;\">Todavia, o impacto do <\/span><b>Transtorno Explosivo Intermitente (TEI), ou ainda, \u201cpersonalidade explosiva\u201d <\/b><span style=\"font-weight: 400;\">n\u00e3o se restringe apenas \u00e0queles que est\u00e3o vivenciando o transtorno, pois familiares, amigos e colegas de trabalho tamb\u00e9m s\u00e3o afetados direta ou indiretamente pelas explos\u00f5es emocionais e pela imprevisibilidade das rea\u00e7\u00f5es. Essas rela\u00e7\u00f5es podem ser profundamente afetadas, causando tens\u00f5es, distanciamento e at\u00e9 mesmo o <\/span><b>rompimento dos la\u00e7os afetivos.\u00a0<\/b><\/p>\n<h2><b>Como \u00e9 feito o diagn\u00f3stico do TEI<\/b><\/h2>\n<div class=\"flex-1 overflow-hidden\">\n<div class=\"react-scroll-to-bottom--css-wdbus-79elbk h-full\">\n<div class=\"react-scroll-to-bottom--css-wdbus-1n7m0yu\">\n<div class=\"flex flex-col text-sm gizmo:pb-9 dark:bg-gray-800 gizmo:dark:bg-transparent\">\n<div class=\"w-full text-token-text-primary border-b border-black\/10 gizmo:border-0 dark:border-gray-900\/50 gizmo:dark:border-0 bg-gray-50 gizmo:bg-transparent dark:bg-[#444654] gizmo:dark:bg-transparent\" data-testid=\"conversation-turn-27\">\n<div class=\"p-4 gizmo:py-2 justify-center text-base md:gap-6 md:py-6 m-auto\">\n<div class=\"flex flex-1 gap-4 text-base mx-auto md:gap-6 gizmo:gap-3 gizmo:md:px-5 gizmo:lg:px-1 gizmo:xl:px-5 md:max-w-2xl lg:max-w-[38rem] gizmo:md:max-w-3xl gizmo:lg:max-w-[40rem] gizmo:xl:max-w-[48rem] xl:max-w-3xl } group final-completion\">\n<div class=\"relative flex w-[calc(100%-50px)] flex-col gizmo:w-full lg:w-[calc(100%-115px)] agent-turn\">\n<div class=\"flex-col gap-1 md:gap-3\">\n<div class=\"flex flex-grow flex-col max-w-full gap-3 gizmo:gap-0\">\n<div class=\"min-h-[20px] text-message flex flex-col items-start gap-3 whitespace-pre-wrap break-words [.text-message+&amp;]:mt-5 overflow-x-auto\" data-message-author-role=\"assistant\" data-message-id=\"9e44f38e-d2d0-4f44-a32d-80e8ebfd17b3\">\n<div class=\"markdown prose w-full break-words dark:prose-invert light\">\n<p>\u00c9 fundamental diferenciar emo\u00e7\u00f5es de raiva frente \u00e0s situa\u00e7\u00f5es estressoras no dia a dia, que todas as pessoas sentem em algum momento. Essa distin\u00e7\u00e3o se contrasta com o transtorno explosivo intermitente, que \u00e9 fortemente caracterizado por <strong>&#8220;explos\u00f5es comportamentais recorrentes&#8221;<\/strong>, motivadas pela dificuldade de controle dos impulsos agressivos.<\/p>\n<\/div>\n<\/div>\n<\/div>\n<\/div>\n<\/div>\n<\/div>\n<\/div>\n<\/div>\n<\/div>\n<\/div>\n<\/div>\n<\/div>\n<div class=\"flex flex-grow flex-col max-w-full gap-3 gizmo:gap-0\">\n<div class=\"min-h-[20px] text-message flex flex-col items-start gap-3 whitespace-pre-wrap break-words [.text-message+&amp;]:mt-5 overflow-x-auto\" data-message-author-role=\"assistant\" data-message-id=\"2b077432-b7c0-4033-81e8-96515827ddf7\">\n<div class=\"markdown prose w-full break-words dark:prose-invert light\">\n<p>Portanto, buscar profissionais e orienta\u00e7\u00e3o especializada \u00e9 fundamental para aprender a <strong>diagnosticar, reconhecer, diferenciar e conhecer m\u00e9todos para a regula\u00e7\u00e3o emocional efetiva.<\/strong> Isso possibilita o controle dos comportamentos impulsivos e a constru\u00e7\u00e3o de uma vida mais equilibrada e segura para a pessoa e familiares.<\/p>\n<\/div>\n<\/div>\n<\/div>\n<p><a href=\"https:\/\/www.telavita.com.br\/blog\/diferenca-entre-psicologo-psiquiatra\/\"><b>Profissionais especializados<\/b><\/a><span style=\"font-weight: 400;\"> podem fornecer apoio, orienta\u00e7\u00e3o e propor t\u00e9cnicas espec\u00edficas para controlar a raiva e as explos\u00f5es emocionais da pessoa que sofre o transtorno. Al\u00e9m disso, eles podem <\/span><b>oferecer orienta\u00e7\u00e3o \u00e0 rede familiar envolvida, o que, por vezes, ser\u00e1 fundamental para o tratamento.<\/b><\/p>\n<h2><b>Preven\u00e7\u00e3o e tratamento\u00a0<\/b><\/h2>\n<p><span style=\"font-weight: 400;\">A <\/span><b>preven\u00e7\u00e3o dos &#8220;epis\u00f3dios explosivos&#8221;<\/b><span style=\"font-weight: 400;\"> pode incluir estrat\u00e9gias de autocontrole, como a <\/span><a href=\"https:\/\/www.telavita.com.br\/blog\/gatilhos-emocionais\/\"><b>identifica\u00e7\u00e3o de gatilhos<\/b><\/a><span style=\"font-weight: 400;\">, sinais de alerta e a regula\u00e7\u00e3o emocional, incorporando t\u00e9cnicas de relaxamento, medita\u00e7\u00e3o e respira\u00e7\u00e3o profunda ao cotidiano da pessoa. Essas pr\u00e1ticas, associadas ou n\u00e3o ao uso de medicamentos psicotr\u00f3picos, podem contribuir para um melhor controle dos sintomas emocionais.<\/span><\/p>\n<p><span style=\"font-weight: 400;\">A realiza\u00e7\u00e3o de um di\u00e1rio para registrar fatos do dia a dia, os epis\u00f3dios de raiva, gatilhos e os sentimentos associados, pode ser \u00fatil na regula\u00e7\u00e3o emocional desses padr\u00f5es. Al\u00e9m disso, a manuten\u00e7\u00e3o de um ambiente seguro<\/span> <span style=\"font-weight: 400;\">e de apoio \u00e9 fundamental ao tratamento da pessoa com <\/span><b>transtorno explosivo intermitente (TEI).\u00a0<\/b><\/p>\n<p><span style=\"font-weight: 400;\">Nesse sentido, a busca por <\/span><b>autoconhecimento <\/b><span style=\"font-weight: 400;\">e orienta\u00e7\u00e3o profissional adequada pode gerar resultados muito positivos e <\/span><a href=\"https:\/\/www.telavita.com.br\/blog\/qualidade-de-vida\/\"><b>possibilitar mais qualidade de vida<\/b><\/a> <span style=\"font-weight: 400;\">\u00e0s pessoas com transtorno explosivo intermitente e tamb\u00e9m para as pessoas do seu conv\u00edvio.\u00a0<\/span><\/p>\n<h2><b>A import\u00e2ncia da rede de apoio\u00a0<\/b><\/h2>\n<p><span style=\"font-weight: 400;\">Para pessoas pr\u00f3ximas a algu\u00e9m que sofre com comportamentos impulsivos, conhecer maiores detalhes sobre a condi\u00e7\u00e3o pode ajudar no <\/span><a href=\"https:\/\/www.telavita.com.br\/blog\/comunicacao-nao-violenta-2\/\"><b>manejo das situa\u00e7\u00f5es de conflito e comunica\u00e7\u00e3o no dia a dia.<\/b><\/a><b>\u00a0<\/b><\/p>\n<div class=\"flex-1 overflow-hidden\">\n<div class=\"react-scroll-to-bottom--css-wdbus-79elbk h-full\">\n<div class=\"react-scroll-to-bottom--css-wdbus-1n7m0yu\">\n<div class=\"flex flex-col text-sm gizmo:pb-9 dark:bg-gray-800 gizmo:dark:bg-transparent\">\n<div class=\"w-full text-token-text-primary border-b border-black\/10 gizmo:border-0 dark:border-gray-900\/50 gizmo:dark:border-0 bg-gray-50 gizmo:bg-transparent dark:bg-[#444654] gizmo:dark:bg-transparent\" data-testid=\"conversation-turn-19\">\n<div class=\"p-4 gizmo:py-2 justify-center text-base md:gap-6 md:py-6 m-auto\">\n<div class=\"flex flex-1 gap-4 text-base mx-auto md:gap-6 gizmo:gap-3 gizmo:md:px-5 gizmo:lg:px-1 gizmo:xl:px-5 md:max-w-2xl lg:max-w-[38rem] gizmo:md:max-w-3xl gizmo:lg:max-w-[40rem] gizmo:xl:max-w-[48rem] xl:max-w-3xl } group final-completion\">\n<div class=\"relative flex w-[calc(100%-50px)] flex-col gizmo:w-full lg:w-[calc(100%-115px)] agent-turn\">\n<div class=\"flex-col gap-1 md:gap-3\">\n<div class=\"flex flex-grow flex-col max-w-full gap-3 gizmo:gap-0\">\n<div class=\"min-h-[20px] text-message flex flex-col items-start gap-3 whitespace-pre-wrap break-words [.text-message+&amp;]:mt-5 overflow-x-auto\" data-message-author-role=\"assistant\" data-message-id=\"6224335a-31be-47fd-a309-b12189d931a3\">\n<div class=\"markdown prose w-full break-words dark:prose-invert light\">\n<p>Al\u00e9m disso, \u00e9 muito importante que as pessoas do conv\u00edvio possam buscar apoio e orienta\u00e7\u00e3o para cuidar da sua pr\u00f3pria sa\u00fade mental e emocional. Isso se torna crucial, <strong>visto que um hist\u00f3rico de conviv\u00eancia sob conflitos pode gerar muito estresse.<\/strong><\/p>\n<\/div>\n<\/div>\n<\/div>\n<\/div>\n<\/div>\n<\/div>\n<\/div>\n<\/div>\n<\/div>\n<\/div>\n<\/div>\n<\/div>\n<p><span style=\"font-weight: 400;\">Por fim, \u00e9 fundamental lembrar que a jornada \u00e9 \u00fanica para cada pessoa, e n\u00e3o h\u00e1 um caminho \u00fanico ou solu\u00e7\u00e3o imediata.\u00a0 Propostas ou a\u00e7\u00f5es multidisciplinares, que combinam <\/span><b>psicoterapia, <\/b><a href=\"https:\/\/www.telavita.com.br\/blog\/antidepressivos\/\"><b>medicamentos (quando necess\u00e1rio)<\/b><\/a><span style=\"font-weight: 400;\"> e estrat\u00e9gias pessoais de enfrentamento, podem proporcionar um ambiente favor\u00e1vel para lidar com as emo\u00e7\u00f5es intensas e promover uma vida mais est\u00e1vel e harmoniosa.\u00a0<\/span><\/p>\n<div class=\"flex-1 overflow-hidden\">\n<div class=\"react-scroll-to-bottom--css-wdbus-79elbk h-full\">\n<div class=\"react-scroll-to-bottom--css-wdbus-1n7m0yu\">\n<div class=\"flex flex-col text-sm gizmo:pb-9 dark:bg-gray-800 gizmo:dark:bg-transparent\">\n<div class=\"w-full text-token-text-primary border-b border-black\/10 gizmo:border-0 dark:border-gray-900\/50 gizmo:dark:border-0 bg-gray-50 gizmo:bg-transparent dark:bg-[#444654] gizmo:dark:bg-transparent\" data-testid=\"conversation-turn-21\">\n<div class=\"p-4 gizmo:py-2 justify-center text-base md:gap-6 md:py-6 m-auto\">\n<div class=\"flex flex-1 gap-4 text-base mx-auto md:gap-6 gizmo:gap-3 gizmo:md:px-5 gizmo:lg:px-1 gizmo:xl:px-5 md:max-w-2xl lg:max-w-[38rem] gizmo:md:max-w-3xl gizmo:lg:max-w-[40rem] gizmo:xl:max-w-[48rem] xl:max-w-3xl } group final-completion\">\n<div class=\"relative flex w-[calc(100%-50px)] flex-col gizmo:w-full lg:w-[calc(100%-115px)] agent-turn\">\n<div class=\"flex-col gap-1 md:gap-3\">\n<div class=\"flex flex-grow flex-col max-w-full gap-3 gizmo:gap-0\">\n<div class=\"min-h-[20px] text-message flex flex-col items-start gap-3 whitespace-pre-wrap break-words [.text-message+&amp;]:mt-5 overflow-x-auto\" data-message-author-role=\"assistant\" data-message-id=\"190c9cf8-838a-4d84-92ca-d2a407feeeca\">\n<div class=\"markdown prose w-full break-words dark:prose-invert light\">\n<p>\u00c9 essencial, tanto para a pessoa com TEI quanto para seus familiares e amigos, reconhecer que a jornada pode ser desafiadora. No entanto, com a orienta\u00e7\u00e3o profissional adequada <strong>\u00e9 poss\u00edvel alcan\u00e7ar uma vida mais equilibrada, com menos epis\u00f3dios explosivos.<\/strong><\/p>\n<span class='mb-center maxbutton-3-center'><span class='maxbutton-3-container mb-container'><a class=\"maxbutton-3 maxbutton maxbutton-manda-para-pagina-psicologos\" href=\"https:\/\/app.telavita.com.br\/psicologia-online\/encontre-seu-psicologo\"><span class='mb-text'>Agende agora uma consulta com psic\u00f3logo<\/span><\/a><\/span><\/span>\n<\/div>\n<\/div>\n<\/div>\n<\/div>\n<\/div>\n<\/div>\n<\/div>\n<\/div>\n<\/div>\n<\/div>\n<\/div>\n<\/div>\n","protected":false},"excerpt":{"rendered":"<p>O comportamento impulsivo \u00e9 uma caracter\u00edstica humana intr\u00ednseca, sendo muitas vezes definido como a tend\u00eancia a agir sem considerar as consequ\u00eancias a longo prazo. No entanto, esta propens\u00e3o pode ser observada em diversos contextos e est\u00e1 associada a uma s\u00e9rie de desafios na esfera pessoal, social e profissional.\u00a0 J\u00e1 no \u00e2mbito cl\u00ednico, o Transtorno do [&hellip;]<\/p>\n","protected":false},"author":45,"featured_media":9070,"comment_status":"open","ping_status":"open","sticky":false,"template":"","format":"standard","meta":{"_lmt_disableupdate":"","_lmt_disable":"","footnotes":""},"categories":[273],"tags":[],"yoast_head":"<!-- This site is optimized with the Yoast SEO plugin v19.8 - https:\/\/yoast.com\/wordpress\/plugins\/seo\/ -->\n<title>Comportamento impulsivo e poss\u00edveis diagn\u00f3sticos - Telavita<\/title>\n<meta name=\"description\" content=\"Os epis\u00f3dios de comportamento impulsivo podem causar uma s\u00e9rie de situa\u00e7\u00f5es estressantes. Saiba a rela\u00e7\u00e3o entre a condi\u00e7\u00e3o e o TEI.\" \/>\n<meta name=\"robots\" content=\"index, follow, max-snippet:-1, max-image-preview:large, max-video-preview:-1\" \/>\n<link rel=\"canonical\" href=\"https:\/\/www.telavita.com.br\/blog\/comportamento-impulsivo\/\" \/>\n<meta property=\"og:locale\" content=\"pt_BR\" \/>\n<meta property=\"og:type\" content=\"article\" \/>\n<meta property=\"og:title\" content=\"Comportamento impulsivo e poss\u00edveis diagn\u00f3sticos - Telavita\" \/>\n<meta property=\"og:description\" content=\"Os epis\u00f3dios de comportamento impulsivo podem causar uma s\u00e9rie de situa\u00e7\u00f5es estressantes. Saiba a rela\u00e7\u00e3o entre a condi\u00e7\u00e3o e o TEI.\" \/>\n<meta property=\"og:url\" content=\"https:\/\/www.telavita.com.br\/blog\/comportamento-impulsivo\/\" \/>\n<meta property=\"og:site_name\" content=\"Telavita\" \/>\n<meta property=\"article:publisher\" content=\"https:\/\/www.facebook.com\/Telavita\" \/>\n<meta property=\"article:published_time\" content=\"2023-11-21T19:05:41+00:00\" \/>\n<meta property=\"article:modified_time\" content=\"2023-11-21T19:06:08+00:00\" \/>\n<meta property=\"og:image\" content=\"https:\/\/www.telavita.com.br\/blog\/wp-content\/uploads\/2023\/11\/comportamento-impulsivo.jpg\" \/>\n\t<meta property=\"og:image:width\" content=\"2560\" \/>\n\t<meta property=\"og:image:height\" content=\"1708\" \/>\n\t<meta property=\"og:image:type\" content=\"image\/jpeg\" \/>\n<meta name=\"author\" content=\"Psic\u00f3loga Andreia da Silva Alves CRP 132778\/06\" \/>\n<meta name=\"twitter:card\" content=\"summary_large_image\" \/>\n<meta name=\"twitter:label1\" content=\"Escrito por\" \/>\n\t<meta name=\"twitter:data1\" content=\"Psic\u00f3loga Andreia da Silva Alves CRP 132778\/06\" \/>\n\t<meta name=\"twitter:label2\" content=\"Est. tempo de leitura\" \/>\n\t<meta name=\"twitter:data2\" content=\"5 minutos\" \/>\n<!-- \/ Yoast SEO plugin. -->","yoast_head_json":{"title":"Comportamento impulsivo e poss\u00edveis diagn\u00f3sticos - Telavita","description":"Os epis\u00f3dios de comportamento impulsivo podem causar uma s\u00e9rie de situa\u00e7\u00f5es estressantes. Saiba a rela\u00e7\u00e3o entre a condi\u00e7\u00e3o e o TEI.","robots":{"index":"index","follow":"follow","max-snippet":"max-snippet:-1","max-image-preview":"max-image-preview:large","max-video-preview":"max-video-preview:-1"},"canonical":"https:\/\/www.telavita.com.br\/blog\/comportamento-impulsivo\/","og_locale":"pt_BR","og_type":"article","og_title":"Comportamento impulsivo e poss\u00edveis diagn\u00f3sticos - Telavita","og_description":"Os epis\u00f3dios de comportamento impulsivo podem causar uma s\u00e9rie de situa\u00e7\u00f5es estressantes. Saiba a rela\u00e7\u00e3o entre a condi\u00e7\u00e3o e o TEI.","og_url":"https:\/\/www.telavita.com.br\/blog\/comportamento-impulsivo\/","og_site_name":"Telavita","article_publisher":"https:\/\/www.facebook.com\/Telavita","article_published_time":"2023-11-21T19:05:41+00:00","article_modified_time":"2023-11-21T19:06:08+00:00","og_image":[{"width":2560,"height":1708,"url":"https:\/\/www.telavita.com.br\/blog\/wp-content\/uploads\/2023\/11\/comportamento-impulsivo.jpg","type":"image\/jpeg"}],"author":"Psic\u00f3loga Andreia da Silva Alves CRP 132778\/06","twitter_card":"summary_large_image","twitter_misc":{"Escrito por":"Psic\u00f3loga Andreia da Silva Alves CRP 132778\/06","Est. tempo de leitura":"5 minutos"},"schema":{"@context":"https:\/\/schema.org","@graph":[{"@type":"Article","@id":"https:\/\/www.telavita.com.br\/blog\/comportamento-impulsivo\/#article","isPartOf":{"@id":"https:\/\/www.telavita.com.br\/blog\/comportamento-impulsivo\/"},"author":{"name":"Psic\u00f3loga Andreia da Silva Alves CRP 132778\/06","@id":"https:\/\/www.telavita.com.br\/blog\/#\/schema\/person\/52a0fee6f5ad535c7eb0ac156d8d708b"},"headline":"A rela\u00e7\u00e3o dos comportamentos impulsivos com o Transtorno Explosivo Intermitente","datePublished":"2023-11-21T19:05:41+00:00","dateModified":"2023-11-21T19:06:08+00:00","mainEntityOfPage":{"@id":"https:\/\/www.telavita.com.br\/blog\/comportamento-impulsivo\/"},"wordCount":987,"commentCount":0,"publisher":{"@id":"https:\/\/www.telavita.com.br\/blog\/#organization"},"articleSection":["Comportamento"],"inLanguage":"pt-BR","potentialAction":[{"@type":"CommentAction","name":"Comment","target":["https:\/\/www.telavita.com.br\/blog\/comportamento-impulsivo\/#respond"]}]},{"@type":"WebPage","@id":"https:\/\/www.telavita.com.br\/blog\/comportamento-impulsivo\/","url":"https:\/\/www.telavita.com.br\/blog\/comportamento-impulsivo\/","name":"Comportamento impulsivo e poss\u00edveis diagn\u00f3sticos - Telavita","isPartOf":{"@id":"https:\/\/www.telavita.com.br\/blog\/#website"},"datePublished":"2023-11-21T19:05:41+00:00","dateModified":"2023-11-21T19:06:08+00:00","description":"Os epis\u00f3dios de comportamento impulsivo podem causar uma s\u00e9rie de situa\u00e7\u00f5es estressantes. Saiba a rela\u00e7\u00e3o entre a condi\u00e7\u00e3o e o TEI.","breadcrumb":{"@id":"https:\/\/www.telavita.com.br\/blog\/comportamento-impulsivo\/#breadcrumb"},"inLanguage":"pt-BR","potentialAction":[{"@type":"ReadAction","target":["https:\/\/www.telavita.com.br\/blog\/comportamento-impulsivo\/"]}]},{"@type":"BreadcrumbList","@id":"https:\/\/www.telavita.com.br\/blog\/comportamento-impulsivo\/#breadcrumb","itemListElement":[{"@type":"ListItem","position":1,"name":"In\u00edcio","item":"https:\/\/www.telavita.com.br\/blog\/"},{"@type":"ListItem","position":2,"name":"A rela\u00e7\u00e3o dos comportamentos impulsivos com o Transtorno Explosivo Intermitente"}]},{"@type":"WebSite","@id":"https:\/\/www.telavita.com.br\/blog\/#website","url":"https:\/\/www.telavita.com.br\/blog\/","name":"Telavita","description":"Conte\u00fados especializados sobre sa\u00fade mental e bem-estar","publisher":{"@id":"https:\/\/www.telavita.com.br\/blog\/#organization"},"potentialAction":[{"@type":"SearchAction","target":{"@type":"EntryPoint","urlTemplate":"https:\/\/www.telavita.com.br\/blog\/?s={search_term_string}"},"query-input":"required name=search_term_string"}],"inLanguage":"pt-BR"},{"@type":"Organization","@id":"https:\/\/www.telavita.com.br\/blog\/#organization","name":"Telavita","url":"https:\/\/www.telavita.com.br\/blog\/","sameAs":["https:\/\/www.linkedin.com\/company\/telavita\/mycompany\/verification\/","https:\/\/www.instagram.com\/telavita\/","https:\/\/www.facebook.com\/Telavita"],"logo":{"@type":"ImageObject","inLanguage":"pt-BR","@id":"https:\/\/www.telavita.com.br\/blog\/#\/schema\/logo\/image\/","url":"https:\/\/www.telavita.com.br\/blog\/wp-content\/uploads\/2021\/05\/telavita.jpg","contentUrl":"https:\/\/www.telavita.com.br\/blog\/wp-content\/uploads\/2021\/05\/telavita.jpg","width":200,"height":200,"caption":"Telavita"},"image":{"@id":"https:\/\/www.telavita.com.br\/blog\/#\/schema\/logo\/image\/"}},{"@type":"Person","@id":"https:\/\/www.telavita.com.br\/blog\/#\/schema\/person\/52a0fee6f5ad535c7eb0ac156d8d708b","name":"Psic\u00f3loga Andreia da Silva Alves CRP 132778\/06","image":{"@type":"ImageObject","inLanguage":"pt-BR","@id":"https:\/\/www.telavita.com.br\/blog\/#\/schema\/person\/image\/","url":"https:\/\/secure.gravatar.com\/avatar\/493bb8bc23a8755f53c38443a0639d34?s=96&d=mm&r=g","contentUrl":"https:\/\/secure.gravatar.com\/avatar\/493bb8bc23a8755f53c38443a0639d34?s=96&d=mm&r=g","caption":"Psic\u00f3loga Andreia da Silva Alves CRP 132778\/06"},"description":"Psic\u00f3loga cl\u00ednica, p\u00f3s-graduanda em Psicologia Transpessoal, especialista em Psicologia Organizacional e do Trabalho pelo CRP\/SP, com 10 anos de experi\u00eancia como consultora de RH, e tamb\u00e9m atuando como volunt\u00e1ria em centro de acolhimento emocional e preven\u00e7\u00e3o ao suic\u00eddio.","url":"https:\/\/www.telavita.com.br\/blog\/author\/andreia-da-silva\/"}]}},"modified_by":null,"_links":{"self":[{"href":"https:\/\/www.telavita.com.br\/blog\/wp-json\/wp\/v2\/posts\/9069"}],"collection":[{"href":"https:\/\/www.telavita.com.br\/blog\/wp-json\/wp\/v2\/posts"}],"about":[{"href":"https:\/\/www.telavita.com.br\/blog\/wp-json\/wp\/v2\/types\/post"}],"author":[{"embeddable":true,"href":"https:\/\/www.telavita.com.br\/blog\/wp-json\/wp\/v2\/users\/45"}],"replies":[{"embeddable":true,"href":"https:\/\/www.telavita.com.br\/blog\/wp-json\/wp\/v2\/comments?post=9069"}],"version-history":[{"count":1,"href":"https:\/\/www.telavita.com.br\/blog\/wp-json\/wp\/v2\/posts\/9069\/revisions"}],"predecessor-version":[{"id":9071,"href":"https:\/\/www.telavita.com.br\/blog\/wp-json\/wp\/v2\/posts\/9069\/revisions\/9071"}],"wp:featuredmedia":[{"embeddable":true,"href":"https:\/\/www.telavita.com.br\/blog\/wp-json\/wp\/v2\/media\/9070"}],"wp:attachment":[{"href":"https:\/\/www.telavita.com.br\/blog\/wp-json\/wp\/v2\/media?parent=9069"}],"wp:term":[{"taxonomy":"category","embeddable":true,"href":"https:\/\/www.telavita.com.br\/blog\/wp-json\/wp\/v2\/categories?post=9069"},{"taxonomy":"post_tag","embeddable":true,"href":"https:\/\/www.telavita.com.br\/blog\/wp-json\/wp\/v2\/tags?post=9069"}],"curies":[{"name":"wp","href":"https:\/\/api.w.org\/{rel}","templated":true}]}}