{"id":9115,"date":"2023-12-20T18:15:40","date_gmt":"2023-12-20T20:15:40","guid":{"rendered":"https:\/\/www.telavita.com.br\/blog\/?p=9115"},"modified":"2024-04-19T15:24:28","modified_gmt":"2024-04-19T18:24:28","slug":"lista-de-doencas-relacionadas-ao-trabalho","status":"publish","type":"post","link":"https:\/\/www.telavita.com.br\/blog\/lista-de-doencas-relacionadas-ao-trabalho\/","title":{"rendered":"As novas atualiza\u00e7\u00f5es na lista de doen\u00e7as relacionadas ao trabalho e como isso afeta a sua empresa"},"content":{"rendered":"<p><span style=\"font-weight: 400;\">A LDRT, ou Lista de Doen\u00e7as Relacionadas ao Trabalho, \u00e9 uma ferramenta essencial na \u00e1rea de sa\u00fade ocupacional e tem como objetivo <\/span><b>identificar e catalogar as doen\u00e7as que est\u00e3o diretamente ligadas \u00e0s condi\u00e7\u00f5es e ambientes de trabalho.<\/b><span style=\"font-weight: 400;\">\u00a0<\/span><\/p>\n<p><span style=\"font-weight: 400;\">No entanto, a lista serve como refer\u00eancia para<\/span><b> profissionais da sa\u00fade, pesquisadores e gestores<\/b><span style=\"font-weight: 400;\"> no reconhecimento e tratamento de condi\u00e7\u00f5es de sa\u00fade espec\u00edficas relacionadas \u00e0s atividades laborais.<\/span><\/p>\n<h2><b>A revis\u00e3o da Lista de Doen\u00e7as Relacionadas ao Trabalho para 2024<\/b><\/h2>\n<p><span style=\"font-weight: 400;\">Em novembro deste ano, a \u00e1rea da sa\u00fade e seguran\u00e7a no trabalho passou por uma significativa atualiza\u00e7\u00e3o com a publica\u00e7\u00e3o da <\/span><a href=\"https:\/\/www.in.gov.br\/en\/web\/dou\/-\/portaria-gm\/ms-n-1.999-de-27-de-novembro-de-2023-526629116\"><b>Portaria GM\/MS n\u00ba 1.999<\/b><\/a><span style=\"font-weight: 400;\">, que trouxe mudan\u00e7as substanciais na Lista de Doen\u00e7as Relacionadas ao Trabalho (LDRT). <\/span><\/p>\n<p><span style=\"font-weight: 400;\">Todavia, essa revis\u00e3o, que acrescentou <\/span><b>165 novas patologias<\/b><span style=\"font-weight: 400;\">, elevou o n\u00famero total de doen\u00e7as associadas ao ambiente laboral de 182 para <\/span><b>347. <\/b>Portanto, d<span style=\"font-weight: 400;\">entre as inclus\u00f5es mais not\u00e1veis, destacam-se a <\/span><a href=\"https:\/\/www.telavita.com.br\/blog\/sindrome-de-burnout\/\"><b>s\u00edndrome do esgotamento profissional (burnout)<\/b><\/a><span style=\"font-weight: 400;\"> e os transtornos de <\/span><b>ansiedade e depress\u00e3o.<\/b><\/p>\n<div class=\"flex-1 overflow-hidden\">\n<div class=\"react-scroll-to-bottom--css-vvqwl-79elbk h-full\">\n<div class=\"react-scroll-to-bottom--css-vvqwl-1n7m0yu\">\n<div class=\"flex flex-col pb-9 text-sm\">\n<div class=\"w-full text-token-text-primary\" data-testid=\"conversation-turn-73\">\n<div class=\"px-4 py-2 justify-center text-base md:gap-6 m-auto\">\n<div class=\"flex flex-1 text-base mx-auto gap-3 md:px-5 lg:px-1 xl:px-5 md:max-w-3xl lg:max-w-[40rem] xl:max-w-[48rem] group final-completion\">\n<div class=\"relative flex w-full flex-col lg:w-[calc(100%-115px)] agent-turn\">\n<div class=\"flex-col gap-1 md:gap-3\">\n<div class=\"flex flex-grow flex-col max-w-full\">\n<div class=\"min-h-[20px] text-message flex flex-col items-start gap-3 whitespace-pre-wrap break-words [.text-message+&amp;]:mt-5 overflow-x-auto\" data-message-author-role=\"assistant\" data-message-id=\"c664fd7b-b635-48c8-bbb9-07d048615743\">\n<div class=\"markdown prose w-full break-words dark:prose-invert light\">\n<div class=\"flex-1 overflow-hidden\">\n<div class=\"react-scroll-to-bottom--css-vvqwl-79elbk h-full\">\n<div class=\"react-scroll-to-bottom--css-vvqwl-1n7m0yu\">\n<div class=\"flex flex-col pb-9 text-sm\">\n<div class=\"w-full text-token-text-primary\" data-testid=\"conversation-turn-79\">\n<div class=\"px-4 py-2 justify-center text-base md:gap-6 m-auto\">\n<div class=\"flex flex-1 text-base mx-auto gap-3 md:px-5 lg:px-1 xl:px-5 md:max-w-3xl lg:max-w-[40rem] xl:max-w-[48rem] group final-completion\">\n<div class=\"relative flex w-full flex-col lg:w-[calc(100%-115px)] agent-turn\">\n<div class=\"flex-col gap-1 md:gap-3\">\n<div class=\"flex flex-grow flex-col max-w-full\">\n<div class=\"min-h-[20px] text-message flex flex-col items-start gap-3 whitespace-pre-wrap break-words [.text-message+&amp;]:mt-5 overflow-x-auto\" data-message-author-role=\"assistant\" data-message-id=\"cf2e5163-a1eb-4973-b726-e116f7154885\">\n<div class=\"markdown prose w-full break-words dark:prose-invert light\">\n<p>Contudo, \u00e9 importante destacar que a LDRT vai al\u00e9m da cataloga\u00e7\u00e3o de doen\u00e7as, abrangendo tamb\u00e9m os fatores de risco presentes nos ambientes de trabalho e suas correla\u00e7\u00f5es diretas com as doen\u00e7as que podem ser adquiridas pela <strong>exposi\u00e7\u00e3o prolongada a esses elementos, sejam eles f\u00edsicos ou mentais.<\/strong><\/p>\n<h2><b>Como a listagem \u00e9 feita?<\/b><\/h2>\n<p><span style=\"font-weight: 400;\">A elabora\u00e7\u00e3o e atualiza\u00e7\u00e3o da Lista de Doen\u00e7as Relacionadas ao Trabalho (LDRT) envolve um processo t\u00e9cnico e cient\u00edfico cuidadoso. Em suma, geralmente, \u00f3rg\u00e3os competentes, como o <\/span><b>Minist\u00e9rio da Sa\u00fade <\/b><span style=\"font-weight: 400;\">ou outras entidades de <\/span><a href=\"https:\/\/www.telavita.com.br\/blog\/terapia-ocupacional\/\"><b>sa\u00fade ocupacional<\/b><\/a><span style=\"font-weight: 400;\">, lideram esse processo.\u00a0<\/span><\/p>\n<div class=\"flex-1 overflow-hidden\">\n<div class=\"react-scroll-to-bottom--css-vvqwl-79elbk h-full\">\n<div class=\"react-scroll-to-bottom--css-vvqwl-1n7m0yu\">\n<div class=\"flex flex-col pb-9 text-sm\">\n<div class=\"w-full text-token-text-primary\" data-testid=\"conversation-turn-71\">\n<div class=\"px-4 py-2 justify-center text-base md:gap-6 m-auto\">\n<div class=\"flex flex-1 text-base mx-auto gap-3 md:px-5 lg:px-1 xl:px-5 md:max-w-3xl lg:max-w-[40rem] xl:max-w-[48rem] group final-completion\">\n<div class=\"relative flex w-full flex-col lg:w-[calc(100%-115px)] agent-turn\">\n<div class=\"flex-col gap-1 md:gap-3\">\n<div class=\"flex flex-grow flex-col max-w-full\">\n<div class=\"min-h-[20px] text-message flex flex-col items-start gap-3 whitespace-pre-wrap break-words [.text-message+&amp;]:mt-5 overflow-x-auto\" data-message-author-role=\"assistant\" data-message-id=\"4890b295-041e-469d-ae22-19c2d56f8e7a\">\n<div class=\"markdown prose w-full break-words dark:prose-invert light\">\n<p>Alguns dos passos t\u00edpicos envolvidos na cria\u00e7\u00e3o e<strong> atualiza\u00e7\u00e3o da Lista de Doen\u00e7as Relacionadas ao Trabalho<\/strong> incluem:<\/p>\n<\/div>\n<\/div>\n<\/div>\n<\/div>\n<\/div>\n<\/div>\n<\/div>\n<\/div>\n<\/div>\n<\/div>\n<\/div>\n<\/div>\n<h3><b>1. Revis\u00e3o cient\u00edfica<\/b><\/h3>\n<p><span style=\"font-weight: 400;\">Especialistas e pesquisadores revisam continuamente a literatura cient\u00edfica para <\/span><b>identificar novas rela\u00e7\u00f5es entre condi\u00e7\u00f5es de trabalho e sa\u00fade. <\/b><span style=\"font-weight: 400;\">Logo, s\u00e3o considerados estudos epidemiol\u00f3gicos, cl\u00ednicos e outras pesquisas relevantes.<\/span><\/p>\n<h3><b>2. Avalia\u00e7\u00e3o de evid\u00eancias<\/b><\/h3>\n<p><span style=\"font-weight: 400;\">As evid\u00eancias cient\u00edficas s\u00e3o avaliadas quanto \u00e0 <\/span><b>qualidade, consist\u00eancia e relev\u00e2ncia <\/b><span style=\"font-weight: 400;\">para estabelecer rela\u00e7\u00f5es entre agentes de trabalho e doen\u00e7as. Entretanto, a avalia\u00e7\u00e3o tamb\u00e9m leva em conta a coer\u00eancia das evid\u00eancias com dados de outras fontes, como relat\u00f3rios epidemiol\u00f3gicos, estudos toxicol\u00f3gicos e observa\u00e7\u00f5es cl\u00ednicas.<\/span><\/p>\n<h3><b>3. An\u00e1lise de casos<\/b><\/h3>\n<p><span style=\"font-weight: 400;\">Os especialistas dedicam-se a examinar casos cl\u00ednicos e relatos de<\/span> <a href=\"https:\/\/www.telavita.com.br\/blog\/riscos-psicossociais\/\"><b>adoecimento que tenham correla\u00e7\u00e3o com o ambiente de trabalho.<\/b><\/a> Contudo, e<span style=\"font-weight: 400;\">ssa abordagem pr\u00e1tica adiciona uma dimens\u00e3o concreta \u00e0s evid\u00eancias cient\u00edficas, <\/span><b>fornecendo insights valiosos e contextualizados.<\/b><\/p>\n<h3><b>4.Consulta p\u00fablica<\/b><\/h3>\n<p><span style=\"font-weight: 400;\">Em alguns casos, pode haver per\u00edodos de consulta p\u00fablica, nos quais partes interessadas, incluindo<\/span><b> profissionais de sa\u00fade, empregadores e trabalhadores<\/b><span style=\"font-weight: 400;\">, t\u00eam a oportunidade de contribuir com informa\u00e7\u00f5es e perspectivas.<\/span><\/p>\n<h3><b>5. Revis\u00e3o por especialistas<\/b><\/h3>\n<p><span style=\"font-weight: 400;\">Os pain\u00e9is compostos por profissionais renomados em sa\u00fade ocupacional desempenham um <\/span><b>papel central na valida\u00e7\u00e3o e aprimoramento das evid\u00eancias coletadas. <\/b>Portanto, a\u00a0expertise desses especialistas contribui para garantir a qualidade e a confiabilidade das informa\u00e7\u00f5es, pois eles podem avaliar criticamente os dados, considerar a relev\u00e2ncia cl\u00ednica e oferecer insights valiosos sobre a rela\u00e7\u00e3o entre os agentes de trabalho e as doen\u00e7as.<\/p>\n<h3><b>6. Atualiza\u00e7\u00e3o da legisla\u00e7\u00e3o<\/b><\/h3>\n<div class=\"flex-1 overflow-hidden\">\n<div class=\"react-scroll-to-bottom--css-vvqwl-79elbk h-full\">\n<div class=\"react-scroll-to-bottom--css-vvqwl-1n7m0yu\">\n<div class=\"flex flex-col pb-9 text-sm\">\n<div class=\"w-full text-token-text-primary\" data-testid=\"conversation-turn-69\">\n<div class=\"px-4 py-2 justify-center text-base md:gap-6 m-auto\">\n<div class=\"flex flex-1 text-base mx-auto gap-3 md:px-5 lg:px-1 xl:px-5 md:max-w-3xl lg:max-w-[40rem] xl:max-w-[48rem] group final-completion\">\n<div class=\"relative flex w-full flex-col lg:w-[calc(100%-115px)] agent-turn\">\n<div class=\"flex-col gap-1 md:gap-3\">\n<div class=\"flex flex-grow flex-col max-w-full\">\n<div class=\"min-h-[20px] text-message flex flex-col items-start gap-3 whitespace-pre-wrap break-words [.text-message+&amp;]:mt-5 overflow-x-auto\" data-message-author-role=\"assistant\" data-message-id=\"3457c00e-f505-4d8f-b169-243c3e3ff462\">\n<div class=\"markdown prose w-full break-words dark:prose-invert light\">\n<p>Com base nessas revis\u00f5es, os respons\u00e1veis <strong>atualizam a legisla\u00e7\u00e3o ou portaria que estabelece a LDRT para refletir as mudan\u00e7as.<\/strong> Contudo, assim eles divulgam amplamente a nova lista para todas as partes interessadas.<\/p>\n<\/div>\n<\/div>\n<\/div>\n<\/div>\n<\/div>\n<\/div>\n<\/div>\n<\/div>\n<\/div>\n<\/div>\n<\/div>\n<\/div>\n<\/div>\n<\/div>\n<\/div>\n<\/div>\n<\/div>\n<\/div>\n<\/div>\n<\/div>\n<\/div>\n<\/div>\n<\/div>\n<\/div>\n<\/div>\n<\/div>\n<\/div>\n<\/div>\n<\/div>\n<\/div>\n<\/div>\n<\/div>\n<\/div>\n<\/div>\n<\/div>\n<\/div>\n<h2><b>Por que foi necess\u00e1rio atualizar a LDRT?<\/b><\/h2>\n<p><span style=\"font-weight: 400;\">De acordo com o Observat\u00f3rio de Seguran\u00e7a e Sa\u00fade no Trabalho <\/span><span style=\"font-weight: 400;\">nos \u00faltimos dez anos, (2012-2021), <\/span><b>22.954 mortes no mercado de trabalho <\/b><span style=\"font-weight: 400;\">formal foram registradas no Brasil.<\/span><\/p>\n<p><span style=\"font-weight: 400;\">Ainda, apenas em 2021, foram comunicados <\/span><b>571,8 mil acidentes e 2.487 \u00f3bitos associados ao trabalho<\/b><span style=\"font-weight: 400;\">, com aumento de 30% em rela\u00e7\u00e3o a 2020. Isso, incluindo aspectos prejudiciais fisicamente e psicologicamente. Desse modo, as doen\u00e7as psicol\u00f3gicas tamb\u00e9m ganharam espa\u00e7o nessa lista.<\/span><\/p>\n<p><span style=\"font-weight: 400;\">Entretanto, a partir desses fatos, se tornou imprescind\u00edvel a atualiza\u00e7\u00e3o das doen\u00e7as relacionadas ao trabalho. No entanto, o objetivo da revis\u00e3o \u00e9<\/span>\u00a0n\u00e3o apenas agir para<b> tornar os locais de trabalho mais seguros e saud\u00e1veis<\/b>, mas tamb\u00e9m facilitar estudos sobre a rela\u00e7\u00e3o entre adoecimento e as condi\u00e7\u00f5es laborais espec\u00edficas.<\/p>\n<h2><b>O que essa atualiza\u00e7\u00e3o significa para as empresas?<\/b><\/h2>\n<div class=\"flex-1 overflow-hidden\">\n<div class=\"react-scroll-to-bottom--css-vvqwl-79elbk h-full\">\n<div class=\"react-scroll-to-bottom--css-vvqwl-1n7m0yu\">\n<div class=\"flex flex-col pb-9 text-sm\">\n<div class=\"w-full text-token-text-primary\" data-testid=\"conversation-turn-61\">\n<div class=\"px-4 py-2 justify-center text-base md:gap-6 m-auto\">\n<div class=\"flex flex-1 text-base mx-auto gap-3 md:px-5 lg:px-1 xl:px-5 md:max-w-3xl lg:max-w-[40rem] xl:max-w-[48rem] group final-completion\">\n<div class=\"relative flex w-full flex-col lg:w-[calc(100%-115px)] agent-turn\">\n<div class=\"flex-col gap-1 md:gap-3\">\n<div class=\"flex flex-grow flex-col max-w-full\">\n<div class=\"min-h-[20px] text-message flex flex-col items-start gap-3 whitespace-pre-wrap break-words [.text-message+&amp;]:mt-5 overflow-x-auto\" data-message-author-role=\"assistant\" data-message-id=\"38190bbc-c9ec-4dd9-9831-f1dfbdd35ad7\">\n<div class=\"markdown prose w-full break-words dark:prose-invert light\">\n<p>A neglig\u00eancia da empresa em seguir as diretrizes da LDRT <strong>pode resultar na responsabiliza\u00e7\u00e3o judicial da corpora\u00e7\u00e3o<\/strong> se um trabalhador sofrer danos \u00e0 sa\u00fade relacionados ao trabalho (incluindo doen\u00e7as psicol\u00f3gicas).<\/p>\n<\/div>\n<\/div>\n<\/div>\n<\/div>\n<\/div>\n<\/div>\n<\/div>\n<\/div>\n<\/div>\n<\/div>\n<\/div>\n<\/div>\n<p><span style=\"font-weight: 400;\">Isso pode resultar em a\u00e7\u00f5es na justi\u00e7a e compensa\u00e7\u00f5es financeiras significativas. Logo, o conhecimento e a conformidade com as regulamenta\u00e7\u00f5es s\u00e3o essenciais para<\/span><b> evitar penalidades e garantir ambientes de trabalho seguros.<\/b><\/p>\n<p><span style=\"font-weight: 400;\">Nesse sentido, as empresas devem, de forma urgente, direcionar seus esfor\u00e7os para <\/span><b>investir em programas completos de sa\u00fade ocupacional. <\/b>Apenas com colaboradores eficientes \u00e9 poss\u00edvel alcan\u00e7ar o sucesso!<\/p>\n<h2><b>Como a Telavita pode ajudar a sua corpora\u00e7\u00e3o?<\/b><\/h2>\n<p><span style=\"font-weight: 400;\">Reconhecendo a lacuna existente nas organiza\u00e7\u00f5es em rela\u00e7\u00e3o \u00e0 cria\u00e7\u00e3o de um ambiente de trabalho seguro e emocionalmente acolhedor, a Telavita desenvolveu programas destinados a apoiar a gest\u00e3o por meio de a\u00e7\u00f5es e <\/span><b>cuidados especializados oferecidos por nossa equipe.<\/b><\/p>\n<p><span style=\"font-weight: 400;\">Esse \u00e9 o caso do<\/span><b> Cuidado Coordenado<\/b><span style=\"font-weight: 400;\">, uma iniciativa que consiste na colabora\u00e7\u00e3o entre diversos profissionais e servi\u00e7os de sa\u00fade, assegurando que os colaboradores recebam cuidados abrangentes, cont\u00ednuos e integrados em diferentes configura\u00e7\u00f5es de atendimento. Portanto, o foco est\u00e1 em <\/span><b>alcan\u00e7ar bons desfechos cl\u00ednicos e uma evolu\u00e7\u00e3o positiva.<\/b><\/p>\n<p><span style=\"font-weight: 400;\">Sendo assim, com os funcion\u00e1rios da sua empresa saud\u00e1veis emocionalmente, o ambiente se torna mais harmonioso para todos e claro, <\/span><b>produtivo. <\/b><span style=\"font-weight: 400;\">Marque uma conversa conosco e garanta que a sua corpora\u00e7\u00e3o n\u00e3o passe por problemas futuros como: processos por<\/span> <a href=\"https:\/\/www.telavita.com.br\/blog\/assedio-moral\/\"><b>ass\u00e9dio e discrimina\u00e7\u00e3o<\/b><\/a><span style=\"font-weight: 400;\">, neglig\u00eancia nas condi\u00e7\u00f5es de trabalho e falta de acomoda\u00e7\u00e3o relacionada a sa\u00fade mental.<\/span><\/p>\n<span class='mb-center maxbutton-7-center'><span class='maxbutton-7-container mb-container'><a class=\"maxbutton-7 maxbutton maxbutton-quero-o-cuidado-cordenado-para-minha-empresa\" target=\"_blank\" rel=\"noopener\" href=\"https:\/\/meetings.hubspot.com\/jean-vitor\"><span class='mb-text'>Quero o Cuidado Coordenado para minha empresa<\/span><\/a><\/span><\/span>\n","protected":false},"excerpt":{"rendered":"<p>A LDRT, ou Lista de Doen\u00e7as Relacionadas ao Trabalho, \u00e9 uma ferramenta essencial na \u00e1rea de sa\u00fade ocupacional e tem como objetivo identificar e catalogar as doen\u00e7as que est\u00e3o diretamente ligadas \u00e0s condi\u00e7\u00f5es e ambientes de trabalho.\u00a0 No entanto, a lista serve como refer\u00eancia para profissionais da sa\u00fade, pesquisadores e gestores no reconhecimento e tratamento [&hellip;]<\/p>\n","protected":false},"author":11,"featured_media":9119,"comment_status":"open","ping_status":"open","sticky":false,"template":"","format":"standard","meta":{"_lmt_disableupdate":"","_lmt_disable":"","footnotes":""},"categories":[384],"tags":[],"yoast_head":"<!-- This site is optimized with the Yoast SEO plugin v19.8 - https:\/\/yoast.com\/wordpress\/plugins\/seo\/ -->\n<title>Lista de doen\u00e7as relacionadas ao trabalho: um alerta para as empresas<\/title>\n<meta name=\"description\" content=\"Entenda mais sobre a lista de doen\u00e7as relacionadas ao trabalho e descubra como sua atualiza\u00e7\u00e3o pode afetar sua empresa.\" \/>\n<meta name=\"robots\" content=\"index, follow, max-snippet:-1, max-image-preview:large, max-video-preview:-1\" \/>\n<link rel=\"canonical\" href=\"https:\/\/www.telavita.com.br\/blog\/lista-de-doencas-relacionadas-ao-trabalho\/\" \/>\n<meta property=\"og:locale\" content=\"pt_BR\" \/>\n<meta property=\"og:type\" content=\"article\" \/>\n<meta property=\"og:title\" content=\"Lista de doen\u00e7as relacionadas ao trabalho: um alerta para as empresas\" \/>\n<meta property=\"og:description\" content=\"Entenda mais sobre a lista de doen\u00e7as relacionadas ao trabalho e descubra como sua atualiza\u00e7\u00e3o pode afetar sua empresa.\" \/>\n<meta property=\"og:url\" content=\"https:\/\/www.telavita.com.br\/blog\/lista-de-doencas-relacionadas-ao-trabalho\/\" \/>\n<meta property=\"og:site_name\" content=\"Telavita\" \/>\n<meta property=\"article:publisher\" content=\"https:\/\/www.facebook.com\/Telavita\" \/>\n<meta property=\"article:published_time\" content=\"2023-12-20T20:15:40+00:00\" \/>\n<meta property=\"article:modified_time\" content=\"2024-04-19T18:24:28+00:00\" \/>\n<meta property=\"og:image\" content=\"https:\/\/www.telavita.com.br\/blog\/wp-content\/uploads\/2023\/12\/LDRT.jpg\" \/>\n\t<meta property=\"og:image:width\" content=\"2560\" \/>\n\t<meta property=\"og:image:height\" content=\"1828\" \/>\n\t<meta property=\"og:image:type\" content=\"image\/jpeg\" \/>\n<meta name=\"author\" content=\"Telavita\" \/>\n<meta name=\"twitter:card\" content=\"summary_large_image\" \/>\n<meta name=\"twitter:label1\" content=\"Escrito por\" \/>\n\t<meta name=\"twitter:data1\" content=\"Telavita\" \/>\n\t<meta name=\"twitter:label2\" content=\"Est. tempo de leitura\" \/>\n\t<meta name=\"twitter:data2\" content=\"5 minutos\" \/>\n<!-- \/ Yoast SEO plugin. -->","yoast_head_json":{"title":"Lista de doen\u00e7as relacionadas ao trabalho: um alerta para as empresas","description":"Entenda mais sobre a lista de doen\u00e7as relacionadas ao trabalho e descubra como sua atualiza\u00e7\u00e3o pode afetar sua empresa.","robots":{"index":"index","follow":"follow","max-snippet":"max-snippet:-1","max-image-preview":"max-image-preview:large","max-video-preview":"max-video-preview:-1"},"canonical":"https:\/\/www.telavita.com.br\/blog\/lista-de-doencas-relacionadas-ao-trabalho\/","og_locale":"pt_BR","og_type":"article","og_title":"Lista de doen\u00e7as relacionadas ao trabalho: um alerta para as empresas","og_description":"Entenda mais sobre a lista de doen\u00e7as relacionadas ao trabalho e descubra como sua atualiza\u00e7\u00e3o pode afetar sua empresa.","og_url":"https:\/\/www.telavita.com.br\/blog\/lista-de-doencas-relacionadas-ao-trabalho\/","og_site_name":"Telavita","article_publisher":"https:\/\/www.facebook.com\/Telavita","article_published_time":"2023-12-20T20:15:40+00:00","article_modified_time":"2024-04-19T18:24:28+00:00","og_image":[{"width":2560,"height":1828,"url":"https:\/\/www.telavita.com.br\/blog\/wp-content\/uploads\/2023\/12\/LDRT.jpg","type":"image\/jpeg"}],"author":"Telavita","twitter_card":"summary_large_image","twitter_misc":{"Escrito por":"Telavita","Est. tempo de leitura":"5 minutos"},"schema":{"@context":"https:\/\/schema.org","@graph":[{"@type":"Article","@id":"https:\/\/www.telavita.com.br\/blog\/lista-de-doencas-relacionadas-ao-trabalho\/#article","isPartOf":{"@id":"https:\/\/www.telavita.com.br\/blog\/lista-de-doencas-relacionadas-ao-trabalho\/"},"author":{"name":"Telavita","@id":"https:\/\/www.telavita.com.br\/blog\/#\/schema\/person\/365e554815ae72366924ab1f2b06fdaa"},"headline":"As novas atualiza\u00e7\u00f5es na lista de doen\u00e7as relacionadas ao trabalho e como isso afeta a sua empresa","datePublished":"2023-12-20T20:15:40+00:00","dateModified":"2024-04-19T18:24:28+00:00","mainEntityOfPage":{"@id":"https:\/\/www.telavita.com.br\/blog\/lista-de-doencas-relacionadas-ao-trabalho\/"},"wordCount":1038,"commentCount":0,"publisher":{"@id":"https:\/\/www.telavita.com.br\/blog\/#organization"},"articleSection":["Recursos Humanos"],"inLanguage":"pt-BR","potentialAction":[{"@type":"CommentAction","name":"Comment","target":["https:\/\/www.telavita.com.br\/blog\/lista-de-doencas-relacionadas-ao-trabalho\/#respond"]}]},{"@type":"WebPage","@id":"https:\/\/www.telavita.com.br\/blog\/lista-de-doencas-relacionadas-ao-trabalho\/","url":"https:\/\/www.telavita.com.br\/blog\/lista-de-doencas-relacionadas-ao-trabalho\/","name":"Lista de doen\u00e7as relacionadas ao trabalho: um alerta para as empresas","isPartOf":{"@id":"https:\/\/www.telavita.com.br\/blog\/#website"},"datePublished":"2023-12-20T20:15:40+00:00","dateModified":"2024-04-19T18:24:28+00:00","description":"Entenda mais sobre a lista de doen\u00e7as relacionadas ao trabalho e descubra como sua atualiza\u00e7\u00e3o pode afetar sua empresa.","breadcrumb":{"@id":"https:\/\/www.telavita.com.br\/blog\/lista-de-doencas-relacionadas-ao-trabalho\/#breadcrumb"},"inLanguage":"pt-BR","potentialAction":[{"@type":"ReadAction","target":["https:\/\/www.telavita.com.br\/blog\/lista-de-doencas-relacionadas-ao-trabalho\/"]}]},{"@type":"BreadcrumbList","@id":"https:\/\/www.telavita.com.br\/blog\/lista-de-doencas-relacionadas-ao-trabalho\/#breadcrumb","itemListElement":[{"@type":"ListItem","position":1,"name":"In\u00edcio","item":"https:\/\/www.telavita.com.br\/blog\/"},{"@type":"ListItem","position":2,"name":"As novas atualiza\u00e7\u00f5es na lista de doen\u00e7as relacionadas ao trabalho e como isso afeta a sua empresa"}]},{"@type":"WebSite","@id":"https:\/\/www.telavita.com.br\/blog\/#website","url":"https:\/\/www.telavita.com.br\/blog\/","name":"Telavita","description":"Conte\u00fados especializados sobre sa\u00fade mental e bem-estar","publisher":{"@id":"https:\/\/www.telavita.com.br\/blog\/#organization"},"potentialAction":[{"@type":"SearchAction","target":{"@type":"EntryPoint","urlTemplate":"https:\/\/www.telavita.com.br\/blog\/?s={search_term_string}"},"query-input":"required name=search_term_string"}],"inLanguage":"pt-BR"},{"@type":"Organization","@id":"https:\/\/www.telavita.com.br\/blog\/#organization","name":"Telavita","url":"https:\/\/www.telavita.com.br\/blog\/","sameAs":["https:\/\/www.linkedin.com\/company\/telavita\/mycompany\/verification\/","https:\/\/www.instagram.com\/telavita\/","https:\/\/www.facebook.com\/Telavita"],"logo":{"@type":"ImageObject","inLanguage":"pt-BR","@id":"https:\/\/www.telavita.com.br\/blog\/#\/schema\/logo\/image\/","url":"https:\/\/www.telavita.com.br\/blog\/wp-content\/uploads\/2021\/05\/telavita.jpg","contentUrl":"https:\/\/www.telavita.com.br\/blog\/wp-content\/uploads\/2021\/05\/telavita.jpg","width":200,"height":200,"caption":"Telavita"},"image":{"@id":"https:\/\/www.telavita.com.br\/blog\/#\/schema\/logo\/image\/"}},{"@type":"Person","@id":"https:\/\/www.telavita.com.br\/blog\/#\/schema\/person\/365e554815ae72366924ab1f2b06fdaa","name":"Telavita","image":{"@type":"ImageObject","inLanguage":"pt-BR","@id":"https:\/\/www.telavita.com.br\/blog\/#\/schema\/person\/image\/","url":"https:\/\/secure.gravatar.com\/avatar\/ac2e61ce00e3238eb646b649fdcae5e4?s=96&d=mm&r=g","contentUrl":"https:\/\/secure.gravatar.com\/avatar\/ac2e61ce00e3238eb646b649fdcae5e4?s=96&d=mm&r=g","caption":"Telavita"},"url":"https:\/\/www.telavita.com.br\/blog\/author\/telavita\/"}]}},"modified_by":"Sarah Rocha","_links":{"self":[{"href":"https:\/\/www.telavita.com.br\/blog\/wp-json\/wp\/v2\/posts\/9115"}],"collection":[{"href":"https:\/\/www.telavita.com.br\/blog\/wp-json\/wp\/v2\/posts"}],"about":[{"href":"https:\/\/www.telavita.com.br\/blog\/wp-json\/wp\/v2\/types\/post"}],"author":[{"embeddable":true,"href":"https:\/\/www.telavita.com.br\/blog\/wp-json\/wp\/v2\/users\/11"}],"replies":[{"embeddable":true,"href":"https:\/\/www.telavita.com.br\/blog\/wp-json\/wp\/v2\/comments?post=9115"}],"version-history":[{"count":7,"href":"https:\/\/www.telavita.com.br\/blog\/wp-json\/wp\/v2\/posts\/9115\/revisions"}],"predecessor-version":[{"id":9128,"href":"https:\/\/www.telavita.com.br\/blog\/wp-json\/wp\/v2\/posts\/9115\/revisions\/9128"}],"wp:featuredmedia":[{"embeddable":true,"href":"https:\/\/www.telavita.com.br\/blog\/wp-json\/wp\/v2\/media\/9119"}],"wp:attachment":[{"href":"https:\/\/www.telavita.com.br\/blog\/wp-json\/wp\/v2\/media?parent=9115"}],"wp:term":[{"taxonomy":"category","embeddable":true,"href":"https:\/\/www.telavita.com.br\/blog\/wp-json\/wp\/v2\/categories?post=9115"},{"taxonomy":"post_tag","embeddable":true,"href":"https:\/\/www.telavita.com.br\/blog\/wp-json\/wp\/v2\/tags?post=9115"}],"curies":[{"name":"wp","href":"https:\/\/api.w.org\/{rel}","templated":true}]}}