{"id":9145,"date":"2024-01-29T12:39:15","date_gmt":"2024-01-29T14:39:15","guid":{"rendered":"https:\/\/www.telavita.com.br\/blog\/?p=9145"},"modified":"2024-01-29T12:39:15","modified_gmt":"2024-01-29T14:39:15","slug":"crescimento-pessoal-e-profissional","status":"publish","type":"post","link":"https:\/\/www.telavita.com.br\/blog\/crescimento-pessoal-e-profissional\/","title":{"rendered":"A rela\u00e7\u00e3o entre crescimento pessoal e profissional"},"content":{"rendered":"<p><span style=\"font-weight: 400;\">A<\/span><b> rela\u00e7\u00e3o entre crescimento pessoal e profissional<\/b><span style=\"font-weight: 400;\"> \u00e9 intr\u00ednseca e fundamental para o desenvolvimento integral de um indiv\u00edduo. Todavia, o progresso em ambas as \u00e1reas n\u00e3o ocorre de forma isolada, mas sim de maneira interconectada, influenciando-se mutuamente de maneiras significativas.<\/span><\/p>\n<p><span style=\"font-weight: 400;\">O crescimento pessoal, que abrange aspectos como autoconhecimento, habilidades interpessoais e bem-estar emocional, desempenha um <\/span><b>papel crucial no aprimoramento das compet\u00eancias profissionais.<\/b><\/p>\n<h2><b>A import\u00e2ncia do crescimento pessoal\u00a0<\/b><\/h2>\n<p><span style=\"font-weight: 400;\">O crescimento pessoal \u00e9 fundamental para o desenvolvimento integral, <\/span><b>contribuindo significativamente para a constru\u00e7\u00e3o de uma vida mais plena e satisfat\u00f3ria. <\/b><span style=\"font-weight: 400;\">Logo, ao buscar constantemente o autoconhecimento, indiv\u00edduos adquirem habilidades essenciais, como resili\u00eancia e <\/span><a href=\"https:\/\/www.telavita.com.br\/blog\/inteligencia-emocional-importancia\/\"><b>intelig\u00eancia emocional<\/b><\/a><span style=\"font-weight: 400;\">, que impactam positivamente em suas rela\u00e7\u00f5es interpessoais.<\/span><\/p>\n<p><span style=\"font-weight: 400;\">O <\/span><b>amadurecimento pessoal <\/b><span style=\"font-weight: 400;\">promove uma mentalidade aberta \u00e0 aprendizagem e \u00e0 adapta\u00e7\u00e3o, fundamentais no contexto de um mundo em constante transforma\u00e7\u00e3o. Al\u00e9m disso, o crescimento pessoal est\u00e1 intrinsecamente ligado \u00e0 <\/span><a href=\"https:\/\/www.telavita.com.br\/blog\/desenvolver-autoconfianca\/\"><b>autoestima e confian\u00e7a<\/b><\/a><span style=\"font-weight: 400;\">, influenciando diretamente a capacidade de estabelecer metas e conquistar\u00a0 realiza\u00e7\u00f5es.\u00a0<\/span><\/p>\n<p><span style=\"font-weight: 400;\">Contudo, a busca pelo desenvolvimento pessoal n\u00e3o apenas proporciona uma vida mais significativa, mas tamb\u00e9m <\/span><b>fortalece as bases para o sucesso profissional<\/b><span style=\"font-weight: 400;\">, uma vez que indiv\u00edduos aut\u00f4nomos e motivados tendem a se destacar em suas carreiras.<\/span><\/p>\n<h2><b>Como o crescimento pessoal auxilia no trabalho<\/b><\/h2>\n<p><span style=\"font-weight: 400;\">O crescimento pessoal desempenha um papel crucial no ambiente de trabalho, influenciando positivamente a <\/span><a href=\"https:\/\/www.telavita.com.br\/blog\/aumentar-a-produtividade\/\"><b>produtividade e o sucesso profissional<\/b><\/a><span style=\"font-weight: 400;\">.<\/span><span style=\"font-weight: 400;\"> Desse modo, desenvolvendo habilidades interpessoais, como <\/span><b>empatia e comunica\u00e7\u00e3o eficaz<\/b><span style=\"font-weight: 400;\">, um indiv\u00edduo se torna um colaborador mais eficiente.<\/span><\/p>\n<p><span style=\"font-weight: 400;\">Al\u00e9m disso, a resolu\u00e7\u00e3o proativa de conflitos, resultado do amadurecimento pessoal, contribui para um ambiente de trabalho saud\u00e1vel,<\/span><b> promovendo a colabora\u00e7\u00e3o e a coes\u00e3o.<\/b><span style=\"font-weight: 400;\"> No entanto, o crescimento pessoal permite que os profissionais identifiquem e capitalizem em suas fortalezas, contribuindo para um desempenho mais alinhado com suas metas e valores.<\/span><\/p>\n<p><span style=\"font-weight: 400;\">Em suma, um l\u00edder que possui seu desenvolvimento pessoal avan\u00e7ado, consegue <\/span><a href=\"https:\/\/www.telavita.com.br\/blog\/trabalho-em-equipe\/\"><b>capacitar, inspirar e motivar suas equipes<\/b><\/a><span style=\"font-weight: 400;\"> de uma maneira <\/span><b>assertiva e saud\u00e1vel para todos os membros da equipe.<\/b><\/p>\n<h2><b>Formas de desenvolver o crescimento pessoal<\/b><\/h2>\n<p><span style=\"font-weight: 400;\">Desenvolver o crescimento pessoal envolve uma abordagem proativa e cont\u00ednua para aprimorar diversas \u00e1reas da vida. <\/span><b>Aqui est\u00e3o algumas formas eficazes de promover esse desenvolvimento:\u00a0<\/b><\/p>\n<h3><b>Leitura\u00a0<\/b><\/h3>\n<p><span style=\"font-weight: 400;\">Incorporar o h\u00e1bito da leitura e participar de cursos cont\u00ednuos s\u00e3o estrat\u00e9gias-chave para <\/span><b>expandir conhecimentos e manter-se atualizado. <\/b>Visto isso, ,l<span style=\"font-weight: 400;\">ivros e materiais educativos oferecem insights valiosos, estimulando o aprendizado constante e aprimorando habilidades espec\u00edficas.<\/span><\/p>\n<h3><b>Estabelecimento de metas<\/b><\/h3>\n<p><span style=\"font-weight: 400;\">Definir metas proporciona<\/span><b> dire\u00e7\u00e3o e motiva\u00e7\u00e3o para o crescimento pessoal. <\/b><span style=\"font-weight: 400;\">Metas claras e alcan\u00e7\u00e1veis servem como guias, incentivando a busca por desafios que impulsionam o desenvolvimento e a autoconfian\u00e7a.<\/span><\/p>\n<h3><b>Autoconhecimento<\/b><\/h3>\n<p><span style=\"font-weight: 400;\">A pr\u00e1tica regular de autoan\u00e1lise e reflex\u00e3o \u00e9 crucial para compreender <\/span><b>emo\u00e7\u00f5es, valores e objetivos pessoais. <\/b>Desse modo, o<span style=\"font-weight: 400;\">\u00a0<\/span><a href=\"https:\/\/www.telavita.com.br\/blog\/autoconhecimento\/\"><b>autoconhecimento<\/b><\/a> <span style=\"font-weight: 400;\">fornece uma base s\u00f3lida para o crescimento, permitindo escolhas alinhadas com valores essenciais.<\/span><\/p>\n<h3><b>Networking<\/b><\/h3>\n<p><span style=\"font-weight: 400;\">Construir relacionamentos s\u00f3lidos e significativos amplia o c\u00edrculo de influ\u00eancia. Participar de eventos profissionais, confer\u00eancias e<\/span> <a href=\"https:\/\/www.telavita.com.br\/blog\/5-sinais-viciado-em-redes-sociais\/\"><b>redes sociais<\/b><\/a><span style=\"font-weight: 400;\"> promove oportunidades de aprendizado, <\/span><b>colabora\u00e7\u00e3o e apoio m\u00fatuo.<\/b><\/p>\n<h3><b>Desenvolvimento de habilidades sociais<\/b><\/h3>\n<p><span style=\"font-weight: 400;\">Aprimorar habilidades interpessoais, comunica\u00e7\u00e3o e empatia contribui para relacionamentos saud\u00e1veis. Essas compet\u00eancias s\u00e3o essenciais no ambiente profissional e pessoal,<\/span><b> facilitando intera\u00e7\u00f5es mais positivas e eficazes.<\/b><\/p>\n<h3><b>Mente saud\u00e1vel<\/b><\/h3>\n<p><span style=\"font-weight: 400;\">A pr\u00e1tica consistente de autocuidado,<\/span> <a href=\"https:\/\/www.telavita.com.br\/blog\/meditacao-conheca-os-beneficios-e-saiba-como-meditar\/\"><b>incluindo medita\u00e7\u00e3o<\/b><\/a><span style=\"font-weight: 400;\">, exerc\u00edcios f\u00edsicos e boas pr\u00e1ticas de sono, promove equil\u00edbrio mental e emocional. Nesse sentido, cuidar da sa\u00fade mental \u00e9 fundamental para sustentar o crescimento pessoal a longo prazo.<\/span><\/p>\n<h2><b>Como um psic\u00f3logo pode te ajudar<\/b><\/h2>\n<p><span style=\"font-weight: 400;\">O<\/span><b> aconselhamento psicol\u00f3gico <\/b><span style=\"font-weight: 400;\">pode ajudar a superar desafios emocionais, desenvolver autoconhecimento e fortalecer a resili\u00eancia. Logo, ao compreender padr\u00f5es de pensamento e comportamento, podemos identificar \u00e1reas de melhoria e trabalhar no desenvolvimento de habilidades interpessoais e emocionais.<\/span><\/p>\n<p><span style=\"font-weight: 400;\">Entretanto, no contexto profissional, os psic\u00f3logos podem oferecer orienta\u00e7\u00e3o para quest\u00f5es relacionadas ao ambiente de trabalho, gerenciamento de estresse, tomada de decis\u00f5es e <\/span><b>desenvolvimento de habilidades de lideran\u00e7a.\u00a0<\/b><\/p>\n<p><span style=\"font-weight: 400;\">Portanto, estrat\u00e9gias para melhorar a comunica\u00e7\u00e3o, construir relacionamentos interpessoais saud\u00e1veis e enfrentar desafios profissionais s\u00e3o frequentemente abordadas nas sess\u00f5es e <\/span><b>auxiliam no crescimento pessoal e profissional.<\/b><\/p>\n<span class='mb-center maxbutton-3-center'><span class='maxbutton-3-container mb-container'><a class=\"maxbutton-3 maxbutton maxbutton-manda-para-pagina-psicologos\" href=\"https:\/\/app.telavita.com.br\/psicologia-online\/encontre-seu-psicologo\"><span class='mb-text'>Agende agora uma consulta com psic\u00f3logo<\/span><\/a><\/span><\/span>\n","protected":false},"excerpt":{"rendered":"<p>A rela\u00e7\u00e3o entre crescimento pessoal e profissional \u00e9 intr\u00ednseca e fundamental para o desenvolvimento integral de um indiv\u00edduo. Todavia, o progresso em ambas as \u00e1reas n\u00e3o ocorre de forma isolada, mas sim de maneira interconectada, influenciando-se mutuamente de maneiras significativas. O crescimento pessoal, que abrange aspectos como autoconhecimento, habilidades interpessoais e bem-estar emocional, desempenha um [&hellip;]<\/p>\n","protected":false},"author":11,"featured_media":9146,"comment_status":"open","ping_status":"open","sticky":false,"template":"","format":"standard","meta":{"_lmt_disableupdate":"","_lmt_disable":"","footnotes":""},"categories":[266],"tags":[],"yoast_head":"<!-- This site is optimized with the Yoast SEO plugin v19.8 - https:\/\/yoast.com\/wordpress\/plugins\/seo\/ -->\n<title>Saiba a rela\u00e7\u00e3o entre crescimento pessoal e profissional - Telavita<\/title>\n<meta name=\"description\" content=\"O crescimento pessoal leva ao crescimento profissional. Saiba como atingir essa meta e desvende seus maiores benef\u00edcios.\" \/>\n<meta name=\"robots\" content=\"index, follow, max-snippet:-1, max-image-preview:large, max-video-preview:-1\" \/>\n<link rel=\"canonical\" href=\"https:\/\/www.telavita.com.br\/blog\/crescimento-pessoal-e-profissional\/\" \/>\n<meta property=\"og:locale\" content=\"pt_BR\" \/>\n<meta property=\"og:type\" content=\"article\" \/>\n<meta property=\"og:title\" content=\"Saiba a rela\u00e7\u00e3o entre crescimento pessoal e profissional - Telavita\" \/>\n<meta property=\"og:description\" content=\"O crescimento pessoal leva ao crescimento profissional. Saiba como atingir essa meta e desvende seus maiores benef\u00edcios.\" \/>\n<meta property=\"og:url\" content=\"https:\/\/www.telavita.com.br\/blog\/crescimento-pessoal-e-profissional\/\" \/>\n<meta property=\"og:site_name\" content=\"Telavita\" \/>\n<meta property=\"article:publisher\" content=\"https:\/\/www.facebook.com\/Telavita\" \/>\n<meta property=\"article:published_time\" content=\"2024-01-29T14:39:15+00:00\" \/>\n<meta property=\"og:image\" content=\"https:\/\/www.telavita.com.br\/blog\/wp-content\/uploads\/2024\/01\/crescimento-pessoal-e-profissional.jpg\" \/>\n\t<meta property=\"og:image:width\" content=\"2559\" \/>\n\t<meta property=\"og:image:height\" content=\"1706\" \/>\n\t<meta property=\"og:image:type\" content=\"image\/jpeg\" \/>\n<meta name=\"author\" content=\"Telavita\" \/>\n<meta name=\"twitter:card\" content=\"summary_large_image\" \/>\n<meta name=\"twitter:label1\" content=\"Escrito por\" \/>\n\t<meta name=\"twitter:data1\" content=\"Telavita\" \/>\n\t<meta name=\"twitter:label2\" content=\"Est. tempo de leitura\" \/>\n\t<meta name=\"twitter:data2\" content=\"4 minutos\" \/>\n<!-- \/ Yoast SEO plugin. -->","yoast_head_json":{"title":"Saiba a rela\u00e7\u00e3o entre crescimento pessoal e profissional - Telavita","description":"O crescimento pessoal leva ao crescimento profissional. Saiba como atingir essa meta e desvende seus maiores benef\u00edcios.","robots":{"index":"index","follow":"follow","max-snippet":"max-snippet:-1","max-image-preview":"max-image-preview:large","max-video-preview":"max-video-preview:-1"},"canonical":"https:\/\/www.telavita.com.br\/blog\/crescimento-pessoal-e-profissional\/","og_locale":"pt_BR","og_type":"article","og_title":"Saiba a rela\u00e7\u00e3o entre crescimento pessoal e profissional - Telavita","og_description":"O crescimento pessoal leva ao crescimento profissional. Saiba como atingir essa meta e desvende seus maiores benef\u00edcios.","og_url":"https:\/\/www.telavita.com.br\/blog\/crescimento-pessoal-e-profissional\/","og_site_name":"Telavita","article_publisher":"https:\/\/www.facebook.com\/Telavita","article_published_time":"2024-01-29T14:39:15+00:00","og_image":[{"width":2559,"height":1706,"url":"https:\/\/www.telavita.com.br\/blog\/wp-content\/uploads\/2024\/01\/crescimento-pessoal-e-profissional.jpg","type":"image\/jpeg"}],"author":"Telavita","twitter_card":"summary_large_image","twitter_misc":{"Escrito por":"Telavita","Est. tempo de leitura":"4 minutos"},"schema":{"@context":"https:\/\/schema.org","@graph":[{"@type":"Article","@id":"https:\/\/www.telavita.com.br\/blog\/crescimento-pessoal-e-profissional\/#article","isPartOf":{"@id":"https:\/\/www.telavita.com.br\/blog\/crescimento-pessoal-e-profissional\/"},"author":{"name":"Telavita","@id":"https:\/\/www.telavita.com.br\/blog\/#\/schema\/person\/365e554815ae72366924ab1f2b06fdaa"},"headline":"A rela\u00e7\u00e3o entre crescimento pessoal e profissional","datePublished":"2024-01-29T14:39:15+00:00","dateModified":"2024-01-29T14:39:15+00:00","mainEntityOfPage":{"@id":"https:\/\/www.telavita.com.br\/blog\/crescimento-pessoal-e-profissional\/"},"wordCount":718,"commentCount":0,"publisher":{"@id":"https:\/\/www.telavita.com.br\/blog\/#organization"},"articleSection":["Autoconhecimento"],"inLanguage":"pt-BR","potentialAction":[{"@type":"CommentAction","name":"Comment","target":["https:\/\/www.telavita.com.br\/blog\/crescimento-pessoal-e-profissional\/#respond"]}]},{"@type":"WebPage","@id":"https:\/\/www.telavita.com.br\/blog\/crescimento-pessoal-e-profissional\/","url":"https:\/\/www.telavita.com.br\/blog\/crescimento-pessoal-e-profissional\/","name":"Saiba a rela\u00e7\u00e3o entre crescimento pessoal e profissional - Telavita","isPartOf":{"@id":"https:\/\/www.telavita.com.br\/blog\/#website"},"datePublished":"2024-01-29T14:39:15+00:00","dateModified":"2024-01-29T14:39:15+00:00","description":"O crescimento pessoal leva ao crescimento profissional. Saiba como atingir essa meta e desvende seus maiores benef\u00edcios.","breadcrumb":{"@id":"https:\/\/www.telavita.com.br\/blog\/crescimento-pessoal-e-profissional\/#breadcrumb"},"inLanguage":"pt-BR","potentialAction":[{"@type":"ReadAction","target":["https:\/\/www.telavita.com.br\/blog\/crescimento-pessoal-e-profissional\/"]}]},{"@type":"BreadcrumbList","@id":"https:\/\/www.telavita.com.br\/blog\/crescimento-pessoal-e-profissional\/#breadcrumb","itemListElement":[{"@type":"ListItem","position":1,"name":"In\u00edcio","item":"https:\/\/www.telavita.com.br\/blog\/"},{"@type":"ListItem","position":2,"name":"A rela\u00e7\u00e3o entre crescimento pessoal e profissional"}]},{"@type":"WebSite","@id":"https:\/\/www.telavita.com.br\/blog\/#website","url":"https:\/\/www.telavita.com.br\/blog\/","name":"Telavita","description":"Conte\u00fados especializados sobre sa\u00fade mental e bem-estar","publisher":{"@id":"https:\/\/www.telavita.com.br\/blog\/#organization"},"potentialAction":[{"@type":"SearchAction","target":{"@type":"EntryPoint","urlTemplate":"https:\/\/www.telavita.com.br\/blog\/?s={search_term_string}"},"query-input":"required name=search_term_string"}],"inLanguage":"pt-BR"},{"@type":"Organization","@id":"https:\/\/www.telavita.com.br\/blog\/#organization","name":"Telavita","url":"https:\/\/www.telavita.com.br\/blog\/","sameAs":["https:\/\/www.linkedin.com\/company\/telavita\/mycompany\/verification\/","https:\/\/www.instagram.com\/telavita\/","https:\/\/www.facebook.com\/Telavita"],"logo":{"@type":"ImageObject","inLanguage":"pt-BR","@id":"https:\/\/www.telavita.com.br\/blog\/#\/schema\/logo\/image\/","url":"https:\/\/www.telavita.com.br\/blog\/wp-content\/uploads\/2021\/05\/telavita.jpg","contentUrl":"https:\/\/www.telavita.com.br\/blog\/wp-content\/uploads\/2021\/05\/telavita.jpg","width":200,"height":200,"caption":"Telavita"},"image":{"@id":"https:\/\/www.telavita.com.br\/blog\/#\/schema\/logo\/image\/"}},{"@type":"Person","@id":"https:\/\/www.telavita.com.br\/blog\/#\/schema\/person\/365e554815ae72366924ab1f2b06fdaa","name":"Telavita","image":{"@type":"ImageObject","inLanguage":"pt-BR","@id":"https:\/\/www.telavita.com.br\/blog\/#\/schema\/person\/image\/","url":"https:\/\/secure.gravatar.com\/avatar\/ac2e61ce00e3238eb646b649fdcae5e4?s=96&d=mm&r=g","contentUrl":"https:\/\/secure.gravatar.com\/avatar\/ac2e61ce00e3238eb646b649fdcae5e4?s=96&d=mm&r=g","caption":"Telavita"},"url":"https:\/\/www.telavita.com.br\/blog\/author\/telavita\/"}]}},"modified_by":null,"_links":{"self":[{"href":"https:\/\/www.telavita.com.br\/blog\/wp-json\/wp\/v2\/posts\/9145"}],"collection":[{"href":"https:\/\/www.telavita.com.br\/blog\/wp-json\/wp\/v2\/posts"}],"about":[{"href":"https:\/\/www.telavita.com.br\/blog\/wp-json\/wp\/v2\/types\/post"}],"author":[{"embeddable":true,"href":"https:\/\/www.telavita.com.br\/blog\/wp-json\/wp\/v2\/users\/11"}],"replies":[{"embeddable":true,"href":"https:\/\/www.telavita.com.br\/blog\/wp-json\/wp\/v2\/comments?post=9145"}],"version-history":[{"count":1,"href":"https:\/\/www.telavita.com.br\/blog\/wp-json\/wp\/v2\/posts\/9145\/revisions"}],"predecessor-version":[{"id":9147,"href":"https:\/\/www.telavita.com.br\/blog\/wp-json\/wp\/v2\/posts\/9145\/revisions\/9147"}],"wp:featuredmedia":[{"embeddable":true,"href":"https:\/\/www.telavita.com.br\/blog\/wp-json\/wp\/v2\/media\/9146"}],"wp:attachment":[{"href":"https:\/\/www.telavita.com.br\/blog\/wp-json\/wp\/v2\/media?parent=9145"}],"wp:term":[{"taxonomy":"category","embeddable":true,"href":"https:\/\/www.telavita.com.br\/blog\/wp-json\/wp\/v2\/categories?post=9145"},{"taxonomy":"post_tag","embeddable":true,"href":"https:\/\/www.telavita.com.br\/blog\/wp-json\/wp\/v2\/tags?post=9145"}],"curies":[{"name":"wp","href":"https:\/\/api.w.org\/{rel}","templated":true}]}}