{"id":9182,"date":"2024-03-05T16:27:25","date_gmt":"2024-03-05T19:27:25","guid":{"rendered":"https:\/\/www.telavita.com.br\/blog\/?p=9182"},"modified":"2024-04-19T15:21:58","modified_gmt":"2024-04-19T18:21:58","slug":"prevenir-assedio-no-trabalho","status":"publish","type":"post","link":"https:\/\/www.telavita.com.br\/blog\/prevenir-assedio-no-trabalho\/","title":{"rendered":"Como prevenir o ass\u00e9dio no trabalho?"},"content":{"rendered":"<p><b>Prevenir o ass\u00e9dio no trabalho<\/b><span style=\"font-weight: 400;\"> \u00e9 fundamental para garantir um ambiente laboral saud\u00e1vel e produtivo. Hoje, falaremos sobre o ass\u00e9dio moral, no entanto, \u00e9 importante entendermos primeiro, &#8220;<strong><a href=\"https:\/\/www.telavita.com.br\/blog\/assedio-moral\/\">o que \u00e9 o ass\u00e9dio moral.&#8221;<\/a><\/strong><\/span><\/p>\n<p><span style=\"font-weight: 400;\">O ass\u00e9dio moral consiste na repeti\u00e7\u00e3o de comportamentos com o intuito de <\/span><b>causar sofrimento psicol\u00f3gico e desequil\u00edbrio emocional. <\/b><span style=\"font-weight: 400;\">Aquele que pratica o ass\u00e9dio busca desestabilizar o indiv\u00edduo alvo, expondo-o a situa\u00e7\u00f5es vexat\u00f3rias, constrangimentos e abalos ps\u00edquicos.<\/span><\/p>\n<p><span style=\"font-weight: 400;\">Mas voc\u00ea, como gestor\/l\u00edder, sabe como prevenir esse tipo de comportamento dentro da sua corpora\u00e7\u00e3o? Se a resposta for n\u00e3o, <\/span><b>continue lendo esse texto!<\/b><\/p>\n<h2><b>Quais os tipos de ass\u00e9dio moral no ambiente corporativo?<\/b><\/h2>\n<p><span style=\"font-weight: 400;\">Existem duas formas principais de ass\u00e9dio moral:<\/span><b> o vertical e o horizontal.<\/b><span style=\"font-weight: 400;\"> O ass\u00e9dio moral vertical ocorre entre indiv\u00edduos que est\u00e3o em diferentes n\u00edveis hier\u00e1rquicos, sendo este o tipo mais comum encontrado.\u00a0<\/span><\/p>\n<p><span style=\"font-weight: 400;\">Por outro lado, o ass\u00e9dio moral horizontal acontece entre colegas que est\u00e3o no mesmo n\u00edvel hier\u00e1rquico, <\/span><b>envolvendo atitudes ofensivas relacionadas \u00e0s diferen\u00e7as ligadas \u00e0 profiss\u00e3o.<\/b><\/p>\n<p><span style=\"font-weight: 400;\">Ambas as formas prejudicam intrinsecamente o ambiente de trabalho contribuindo para um <\/span><strong><a href=\"https:\/\/www.telavita.com.br\/blog\/clima-organizacional\/\">clima organizacional<\/a><\/strong><span style=\"font-weight: 400;\"> negativo. As consequ\u00eancias do ass\u00e9dio moral no trabalho s\u00e3o perigosas para <strong>toda corpora\u00e7\u00e3o que vivencia esse fen\u00f4meno.<\/strong><\/span><\/p>\n<h2><b>Quais s\u00e3o as consequ\u00eancias do ass\u00e9dio moral?<\/b><\/h2>\n<p><span style=\"font-weight: 400;\">A ocorr\u00eancia do ass\u00e9dio moral acarreta uma s\u00e9rie de consequ\u00eancias ruins, <\/span><b>afetando as rela\u00e7\u00f5es sociais, familiares e profissionais da v\u00edtima. <\/b><span style=\"font-weight: 400;\">Logo, a pessoa assediada pode desenvolver doen\u00e7as (f\u00edsicas ou emocionais), que, dependendo da intensidade do ass\u00e9dio, pode necessitar de tratamento m\u00e9dico e psicol\u00f3gico.<\/span><\/p>\n<p><span style=\"font-weight: 400;\">Entretanto,<\/span><b> os sintomas psicol\u00f3gicos variam de acordo com a pessoa e o g\u00eanero<\/b><span style=\"font-weight: 400;\">, podendo incluir <\/span><a href=\"https:\/\/www.telavita.com.br\/blog\/melhor-forma-lidar-com-tristeza\/\"><span style=\"font-weight: 400;\"><strong>tristeza<\/strong>,<\/span><\/a><span style=\"font-weight: 400;\"> sensa\u00e7\u00e3o de inutilidade, choro frequente, falta de interesse sexual, confus\u00e3o mental, inseguran\u00e7a, pensamentos suicidas, desejo de vingan\u00e7a, medo exacerbado, entre outros efeitos adversos \u00e0 sa\u00fade decorrentes da humilha\u00e7\u00e3o.<\/span><\/p>\n<p><span style=\"font-weight: 400;\">Todavia, em casos extremos, essas condi\u00e7\u00f5es podem at\u00e9 levar o sujeito ao <\/span><strong><a href=\"https:\/\/www.telavita.com.br\/blog\/suicidio\/\">suic\u00eddio<\/a><\/strong><span style=\"font-weight: 400;\"><strong>.<\/strong> Esse fen\u00f4meno, por sua vez,\u00a0 ocorre devido ao sil\u00eancio imposto pelo medo. H\u00e1 uma liga\u00e7\u00e3o psicol\u00f3gica que<\/span><b> paralisa a v\u00edtima<\/b><span style=\"font-weight: 400;\">, deixando-a vulner\u00e1vel e incapaz de reagir.\u00a0<\/span><\/p>\n<h2><b>Como as empresas devem agir no caso de ass\u00e9dio moral?<\/b><\/h2>\n<p><span style=\"font-weight: 400;\">As empresas devem estabelecer e <\/span><b>aplicar pol\u00edticas claras contra o ass\u00e9dio<\/b><span style=\"font-weight: 400;\">, definindo de forma inequ\u00edvoca o que constitui esse comportamento e quais s\u00e3o as consequ\u00eancias para aqueles que o praticam.\u00a0<\/span><\/p>\n<p><span style=\"font-weight: 400;\">Al\u00e9m disso, \u00e9 essencial <\/span><b>criar canais de den\u00fancia eficazes<\/b><span style=\"font-weight: 400;\">, proporcionando aos funcion\u00e1rios meios seguros e acess\u00edveis para relatar casos de ass\u00e9dio,<strong> garantindo que se sintam confort\u00e1veis e protegidos contra retalia\u00e7\u00f5es.\u00a0<\/strong><\/span><\/p>\n<p><span style=\"font-weight: 400;\">\u00c9 fundamental assegurar que todas as den\u00fancias de ass\u00e9dio sejam tratadas com seriedade, imparcialidade e confidencialidade, conduzindo investiga\u00e7\u00f5es eficazes e<\/span><b> aplicando medidas disciplinares quando necess\u00e1rio.\u00a0<\/b><\/p>\n<h2><b>Dicas para prevenir ass\u00e9dio no trabalho<\/b><\/h2>\n<p><span style=\"font-weight: 400;\">Para prevenir o ass\u00e9dio no trabalho, uma s\u00e9rie de comportamentos precisam ser inclu\u00eddos na <\/span><b>rotina da corpora\u00e7\u00e3o<\/b><span style=\"font-weight: 400;\">. Com essas 5 dicas, voc\u00ea pode tornar o ambiente da sua empresa prop\u00edcio para todos:<\/span><\/p>\n<h3><b>1. Crie uma cultura de comunica\u00e7\u00e3o aberta<\/b><\/h3>\n<p><span style=\"font-weight: 400;\">Estimule o <\/span><strong><a href=\"https:\/\/www.telavita.com.br\/blog\/comunicacao-nao-violenta-2\/\">di\u00e1logo aberto e a comunica\u00e7\u00e3o<\/a><\/strong><span style=\"font-weight: 400;\"> entre os colaboradores e a gest\u00e3o. Identificar e resolver problemas antes que se transformem em casos de ass\u00e9dio \u00e9 fundamental para<\/span><b> manter um ambiente de trabalho saud\u00e1vel e respeitoso.<\/b><\/p>\n<h3><b>2. Conscientize seu funcion\u00e1rios<\/b><\/h3>\n<p><span style=\"font-weight: 400;\">Proporcione treinamentos peri\u00f3dicos para todos os funcion\u00e1rios sobre <\/span><b>identifica\u00e7\u00e3o, preven\u00e7\u00e3o e den\u00fancia segura de casos de ass\u00e9dio. <\/b><span style=\"font-weight: 400;\">Educar os colaboradores sobre o ass\u00e9dio moral aumenta a conscientiza\u00e7\u00e3o e capacita-os a agir quando necess\u00e1rio.<\/span><\/p>\n<h3><b>3. Priorize seu clima organizacional<\/b><\/h3>\n<p><span style=\"font-weight: 400;\">Fomente uma cultura organizacional que promova o<\/span><b> respeito m\u00fatuo, a diversidade e a inclus\u00e3o. <\/b>Dessa forma, c<span style=\"font-weight: 400;\">ampanhas e <strong><a href=\"https:\/\/www.telavita.com.br\/blog\/diversidade-etnica-nas-empresas\/\">programas dedicados \u00e0 diversidade<\/a><\/strong> ajudam a criar um ambiente onde todos se sintam valorizados e respeitados.<\/span><\/p>\n<h3><b>4. Capacite seus l\u00edderes<\/b><\/h3>\n<p><span style=\"font-weight: 400;\">L\u00edderes e gestores devem exemplificar comportamentos positivos, demonstrando respeito e <\/span><span style=\"font-weight: 400;\">empatia<\/span><span style=\"font-weight: 400;\"> em todas as intera\u00e7\u00f5es. Eles devem <\/span><b>servir como modelos para os demais colaboradores<\/b><span style=\"font-weight: 400;\">, estabelecendo um padr\u00e3o de conduta \u00e9tica e respeitoso.<\/span><\/p>\n<h3><b>5. Mantenha-se atualizado<\/b><\/h3>\n<p><span style=\"font-weight: 400;\">Realize revis\u00f5es peri\u00f3dicas das <strong>pol\u00edticas e procedimentos<\/strong> relacionados ao ass\u00e9dio no ambiente de trabalho. Garanta que estejam alinhados com as melhores pr\u00e1ticas e <\/span><b>regulamenta\u00e7\u00f5es atualizadas<\/b><span style=\"font-weight: 400;\">, garantindo assim um ambiente seguro e <\/span><b>livre de ass\u00e9dio para todos os funcion\u00e1rios.<\/b><\/p>\n<h2><b>Em caso de ass\u00e9dio moral, como a v\u00edtima deve agir?<\/b><\/h2>\n<p><span style=\"font-weight: 400;\">Em casos de ass\u00e9dio moral, \u00e9 fundamental que a v\u00edtima esteja ciente dos seus direitos no local de trabalho e <\/span><b>conhe\u00e7a as pol\u00edticas da empresa relacionadas ao ass\u00e9dio.\u00a0<\/b><\/p>\n<p><span style=\"font-weight: 400;\">Al\u00e9m disso, \u00e9 importante <strong><a href=\"https:\/\/www.telavita.com.br\/blog\/limites-pessoais\/\">estabelecer limites claros<\/a><\/strong> em rela\u00e7\u00e3o a comportamentos inadequados, <\/span><strong>sendo assertivo<\/strong><span style=\"font-weight: 400;\"><strong> ao comunicar-se com colegas ou superiores<\/strong> caso se sintam desconfort\u00e1veis.\u00a0<\/span><\/p>\n<p><span style=\"font-weight: 400;\">Ainda, manter registros de qualquer incidente de ass\u00e9dio, incluindo datas, descri\u00e7\u00f5es e testemunhas, pode ser \u00fatil para futuras a\u00e7\u00f5es. Logo, <\/span><strong><a href=\"https:\/\/www.telavita.com.br\/blog\/rede-de-apoio\/\">buscar apoio de colegas de confian\u00e7a<\/a><\/strong><span style=\"font-weight: 400;\">, amigos, familiares ou profissionais de recursos humanos tamb\u00e9m <strong>\u00e9 importante para obter orienta\u00e7\u00e3o e suporte.\u00a0<\/strong><\/span><\/p>\n<p><span style=\"font-weight: 400;\">Dependendo da gravidade do caso, o acompanhamento psicol\u00f3gico \u00e9 essencial.<\/span><b> Voc\u00ea sabia que a Telavita pode te ajudar a dar o suporte necess\u00e1rio para os seus profissionais?<\/b><\/p>\n<h2><b>Conhe\u00e7a o cuidado coordenado<\/b><\/h2>\n<p><span style=\"font-weight: 400;\">Reconhecendo a lacuna existente nas organiza\u00e7\u00f5es em rela\u00e7\u00e3o \u00e0 cria\u00e7\u00e3o de um ambiente de trabalho seguro e emocionalmente acolhedor, a Telavita desenvolveu programas destinados a apoiar a gest\u00e3o por meio de <\/span><b>a\u00e7\u00f5es e cuidados especializados oferecidos por nossa equipe.<\/b><\/p>\n<p><span style=\"font-weight: 400;\">Esse \u00e9 o caso do Cuidado Coordenado, uma iniciativa que consiste na colabora\u00e7\u00e3o entre diversos profissionais e servi\u00e7os de sa\u00fade, assegurando que os colaboradores recebam <\/span><b>cuidados abrangentes, cont\u00ednuos e integrados em diferentes configura\u00e7\u00f5es de atendimento.<\/b><span style=\"font-weight: 400;\"> Portanto, o foco est\u00e1 em alcan\u00e7ar bons desfechos cl\u00ednicos e uma evolu\u00e7\u00e3o positiva.<\/span><\/p>\n<p><span style=\"font-weight: 400;\">Sendo assim, com os funcion\u00e1rios da sua empresa saud\u00e1veis emocionalmente, o ambiente se torna mais harmonioso para todos e claro, produtivo. Marque uma conversa conosco e garanta que a sua corpora\u00e7\u00e3o n\u00e3o passe por problemas futuros como:<\/span><b> processos por ass\u00e9dio e discrimina\u00e7\u00e3o<\/b><span style=\"font-weight: 400;\">, neglig\u00eancia nas condi\u00e7\u00f5es de trabalho e falta de acomoda\u00e7\u00e3o relacionada a sa\u00fade mental.<\/span><\/p>\n<span class='mb-center maxbutton-7-center'><span class='maxbutton-7-container mb-container'><a class=\"maxbutton-7 maxbutton maxbutton-quero-o-cuidado-cordenado-para-minha-empresa\" target=\"_blank\" rel=\"noopener\" href=\"https:\/\/meetings.hubspot.com\/jean-vitor\"><span class='mb-text'>Quero o Cuidado Coordenado para minha empresa<\/span><\/a><\/span><\/span>\n","protected":false},"excerpt":{"rendered":"<p>Prevenir o ass\u00e9dio no trabalho \u00e9 fundamental para garantir um ambiente laboral saud\u00e1vel e produtivo. Hoje, falaremos sobre o ass\u00e9dio moral, no entanto, \u00e9 importante entendermos primeiro, &#8220;o que \u00e9 o ass\u00e9dio moral.&#8221; O ass\u00e9dio moral consiste na repeti\u00e7\u00e3o de comportamentos com o intuito de causar sofrimento psicol\u00f3gico e desequil\u00edbrio emocional. Aquele que pratica o [&hellip;]<\/p>\n","protected":false},"author":36,"featured_media":9183,"comment_status":"open","ping_status":"open","sticky":false,"template":"","format":"standard","meta":{"_lmt_disableupdate":"","_lmt_disable":"","footnotes":""},"categories":[384],"tags":[],"yoast_head":"<!-- This site is optimized with the Yoast SEO plugin v19.8 - https:\/\/yoast.com\/wordpress\/plugins\/seo\/ -->\n<title>Na pr\u00e1tica: saiba como prevenir o ass\u00e9dio no trabalho - Telavita<\/title>\n<meta name=\"description\" content=\"Prevenir o ass\u00e9dio no trabalho \u00e9 uma fun\u00e7\u00e3o importante para as organiza\u00e7\u00f5es. Saiba como implantar pr\u00e1ticas no dia a dia empresarial.\" \/>\n<meta name=\"robots\" content=\"index, follow, max-snippet:-1, max-image-preview:large, max-video-preview:-1\" \/>\n<link rel=\"canonical\" href=\"https:\/\/www.telavita.com.br\/blog\/prevenir-assedio-no-trabalho\/\" \/>\n<meta property=\"og:locale\" content=\"pt_BR\" \/>\n<meta property=\"og:type\" content=\"article\" \/>\n<meta property=\"og:title\" content=\"Na pr\u00e1tica: saiba como prevenir o ass\u00e9dio no trabalho - Telavita\" \/>\n<meta property=\"og:description\" content=\"Prevenir o ass\u00e9dio no trabalho \u00e9 uma fun\u00e7\u00e3o importante para as organiza\u00e7\u00f5es. Saiba como implantar pr\u00e1ticas no dia a dia empresarial.\" \/>\n<meta property=\"og:url\" content=\"https:\/\/www.telavita.com.br\/blog\/prevenir-assedio-no-trabalho\/\" \/>\n<meta property=\"og:site_name\" content=\"Telavita\" \/>\n<meta property=\"article:publisher\" content=\"https:\/\/www.facebook.com\/Telavita\" \/>\n<meta property=\"article:published_time\" content=\"2024-03-05T19:27:25+00:00\" \/>\n<meta property=\"article:modified_time\" content=\"2024-04-19T18:21:58+00:00\" \/>\n<meta property=\"og:image\" content=\"https:\/\/www.telavita.com.br\/blog\/wp-content\/uploads\/2024\/03\/prevenir-assedio-no-trabalho.jpg\" \/>\n\t<meta property=\"og:image:width\" content=\"2560\" \/>\n\t<meta property=\"og:image:height\" content=\"1707\" \/>\n\t<meta property=\"og:image:type\" content=\"image\/jpeg\" \/>\n<meta name=\"author\" content=\"Psic\u00f3logo Eric Luis Teixeira - CRP 01\/21517\" \/>\n<meta name=\"twitter:card\" content=\"summary_large_image\" \/>\n<meta name=\"twitter:label1\" content=\"Escrito por\" \/>\n\t<meta name=\"twitter:data1\" content=\"Psic\u00f3logo Eric Luis Teixeira - CRP 01\/21517\" \/>\n\t<meta name=\"twitter:label2\" content=\"Est. tempo de leitura\" \/>\n\t<meta name=\"twitter:data2\" content=\"6 minutos\" \/>\n<!-- \/ Yoast SEO plugin. -->","yoast_head_json":{"title":"Na pr\u00e1tica: saiba como prevenir o ass\u00e9dio no trabalho - Telavita","description":"Prevenir o ass\u00e9dio no trabalho \u00e9 uma fun\u00e7\u00e3o importante para as organiza\u00e7\u00f5es. Saiba como implantar pr\u00e1ticas no dia a dia empresarial.","robots":{"index":"index","follow":"follow","max-snippet":"max-snippet:-1","max-image-preview":"max-image-preview:large","max-video-preview":"max-video-preview:-1"},"canonical":"https:\/\/www.telavita.com.br\/blog\/prevenir-assedio-no-trabalho\/","og_locale":"pt_BR","og_type":"article","og_title":"Na pr\u00e1tica: saiba como prevenir o ass\u00e9dio no trabalho - Telavita","og_description":"Prevenir o ass\u00e9dio no trabalho \u00e9 uma fun\u00e7\u00e3o importante para as organiza\u00e7\u00f5es. Saiba como implantar pr\u00e1ticas no dia a dia empresarial.","og_url":"https:\/\/www.telavita.com.br\/blog\/prevenir-assedio-no-trabalho\/","og_site_name":"Telavita","article_publisher":"https:\/\/www.facebook.com\/Telavita","article_published_time":"2024-03-05T19:27:25+00:00","article_modified_time":"2024-04-19T18:21:58+00:00","og_image":[{"width":2560,"height":1707,"url":"https:\/\/www.telavita.com.br\/blog\/wp-content\/uploads\/2024\/03\/prevenir-assedio-no-trabalho.jpg","type":"image\/jpeg"}],"author":"Psic\u00f3logo Eric Luis Teixeira - CRP 01\/21517","twitter_card":"summary_large_image","twitter_misc":{"Escrito por":"Psic\u00f3logo Eric Luis Teixeira - CRP 01\/21517","Est. tempo de leitura":"6 minutos"},"schema":{"@context":"https:\/\/schema.org","@graph":[{"@type":"Article","@id":"https:\/\/www.telavita.com.br\/blog\/prevenir-assedio-no-trabalho\/#article","isPartOf":{"@id":"https:\/\/www.telavita.com.br\/blog\/prevenir-assedio-no-trabalho\/"},"author":{"name":"Psic\u00f3logo Eric Luis Teixeira - CRP 01\/21517","@id":"https:\/\/www.telavita.com.br\/blog\/#\/schema\/person\/83f91a8c4e692f96c06a7fa1c466a9c1"},"headline":"Como prevenir o ass\u00e9dio no trabalho?","datePublished":"2024-03-05T19:27:25+00:00","dateModified":"2024-04-19T18:21:58+00:00","mainEntityOfPage":{"@id":"https:\/\/www.telavita.com.br\/blog\/prevenir-assedio-no-trabalho\/"},"wordCount":1076,"commentCount":0,"publisher":{"@id":"https:\/\/www.telavita.com.br\/blog\/#organization"},"articleSection":["Recursos Humanos"],"inLanguage":"pt-BR","potentialAction":[{"@type":"CommentAction","name":"Comment","target":["https:\/\/www.telavita.com.br\/blog\/prevenir-assedio-no-trabalho\/#respond"]}]},{"@type":"WebPage","@id":"https:\/\/www.telavita.com.br\/blog\/prevenir-assedio-no-trabalho\/","url":"https:\/\/www.telavita.com.br\/blog\/prevenir-assedio-no-trabalho\/","name":"Na pr\u00e1tica: saiba como prevenir o ass\u00e9dio no trabalho - Telavita","isPartOf":{"@id":"https:\/\/www.telavita.com.br\/blog\/#website"},"datePublished":"2024-03-05T19:27:25+00:00","dateModified":"2024-04-19T18:21:58+00:00","description":"Prevenir o ass\u00e9dio no trabalho \u00e9 uma fun\u00e7\u00e3o importante para as organiza\u00e7\u00f5es. Saiba como implantar pr\u00e1ticas no dia a dia empresarial.","breadcrumb":{"@id":"https:\/\/www.telavita.com.br\/blog\/prevenir-assedio-no-trabalho\/#breadcrumb"},"inLanguage":"pt-BR","potentialAction":[{"@type":"ReadAction","target":["https:\/\/www.telavita.com.br\/blog\/prevenir-assedio-no-trabalho\/"]}]},{"@type":"BreadcrumbList","@id":"https:\/\/www.telavita.com.br\/blog\/prevenir-assedio-no-trabalho\/#breadcrumb","itemListElement":[{"@type":"ListItem","position":1,"name":"In\u00edcio","item":"https:\/\/www.telavita.com.br\/blog\/"},{"@type":"ListItem","position":2,"name":"Como prevenir o ass\u00e9dio no trabalho?"}]},{"@type":"WebSite","@id":"https:\/\/www.telavita.com.br\/blog\/#website","url":"https:\/\/www.telavita.com.br\/blog\/","name":"Telavita","description":"Conte\u00fados especializados sobre sa\u00fade mental e bem-estar","publisher":{"@id":"https:\/\/www.telavita.com.br\/blog\/#organization"},"potentialAction":[{"@type":"SearchAction","target":{"@type":"EntryPoint","urlTemplate":"https:\/\/www.telavita.com.br\/blog\/?s={search_term_string}"},"query-input":"required name=search_term_string"}],"inLanguage":"pt-BR"},{"@type":"Organization","@id":"https:\/\/www.telavita.com.br\/blog\/#organization","name":"Telavita","url":"https:\/\/www.telavita.com.br\/blog\/","sameAs":["https:\/\/www.linkedin.com\/company\/telavita\/mycompany\/verification\/","https:\/\/www.instagram.com\/telavita\/","https:\/\/www.facebook.com\/Telavita"],"logo":{"@type":"ImageObject","inLanguage":"pt-BR","@id":"https:\/\/www.telavita.com.br\/blog\/#\/schema\/logo\/image\/","url":"https:\/\/www.telavita.com.br\/blog\/wp-content\/uploads\/2021\/05\/telavita.jpg","contentUrl":"https:\/\/www.telavita.com.br\/blog\/wp-content\/uploads\/2021\/05\/telavita.jpg","width":200,"height":200,"caption":"Telavita"},"image":{"@id":"https:\/\/www.telavita.com.br\/blog\/#\/schema\/logo\/image\/"}},{"@type":"Person","@id":"https:\/\/www.telavita.com.br\/blog\/#\/schema\/person\/83f91a8c4e692f96c06a7fa1c466a9c1","name":"Psic\u00f3logo Eric Luis Teixeira - CRP 01\/21517","image":{"@type":"ImageObject","inLanguage":"pt-BR","@id":"https:\/\/www.telavita.com.br\/blog\/#\/schema\/person\/image\/","url":"https:\/\/secure.gravatar.com\/avatar\/f819b8a2fdb13f7c37a6240f27f74926?s=96&d=mm&r=g","contentUrl":"https:\/\/secure.gravatar.com\/avatar\/f819b8a2fdb13f7c37a6240f27f74926?s=96&d=mm&r=g","caption":"Psic\u00f3logo Eric Luis Teixeira - CRP 01\/21517"},"description":"Psic\u00f3logo formado pela Universidade Paulista (UNIP) em 2018 com especializa\u00e7\u00e3o em Psicologia Organizacional (IPOG), MBA em Gest\u00e3o de Pessoas (UNISAL).","url":"https:\/\/www.telavita.com.br\/blog\/author\/ericluis\/"}]}},"modified_by":"Sarah Rocha","_links":{"self":[{"href":"https:\/\/www.telavita.com.br\/blog\/wp-json\/wp\/v2\/posts\/9182"}],"collection":[{"href":"https:\/\/www.telavita.com.br\/blog\/wp-json\/wp\/v2\/posts"}],"about":[{"href":"https:\/\/www.telavita.com.br\/blog\/wp-json\/wp\/v2\/types\/post"}],"author":[{"embeddable":true,"href":"https:\/\/www.telavita.com.br\/blog\/wp-json\/wp\/v2\/users\/36"}],"replies":[{"embeddable":true,"href":"https:\/\/www.telavita.com.br\/blog\/wp-json\/wp\/v2\/comments?post=9182"}],"version-history":[{"count":3,"href":"https:\/\/www.telavita.com.br\/blog\/wp-json\/wp\/v2\/posts\/9182\/revisions"}],"predecessor-version":[{"id":9186,"href":"https:\/\/www.telavita.com.br\/blog\/wp-json\/wp\/v2\/posts\/9182\/revisions\/9186"}],"wp:featuredmedia":[{"embeddable":true,"href":"https:\/\/www.telavita.com.br\/blog\/wp-json\/wp\/v2\/media\/9183"}],"wp:attachment":[{"href":"https:\/\/www.telavita.com.br\/blog\/wp-json\/wp\/v2\/media?parent=9182"}],"wp:term":[{"taxonomy":"category","embeddable":true,"href":"https:\/\/www.telavita.com.br\/blog\/wp-json\/wp\/v2\/categories?post=9182"},{"taxonomy":"post_tag","embeddable":true,"href":"https:\/\/www.telavita.com.br\/blog\/wp-json\/wp\/v2\/tags?post=9182"}],"curies":[{"name":"wp","href":"https:\/\/api.w.org\/{rel}","templated":true}]}}