{"id":9199,"date":"2024-03-15T15:46:18","date_gmt":"2024-03-15T18:46:18","guid":{"rendered":"https:\/\/www.telavita.com.br\/blog\/?p=9199"},"modified":"2024-03-15T15:46:43","modified_gmt":"2024-03-15T18:46:43","slug":"puerperio","status":"publish","type":"post","link":"https:\/\/www.telavita.com.br\/blog\/puerperio\/","title":{"rendered":"Desvende o puerp\u00e9rio e as particularidades dessa fase"},"content":{"rendered":"<p><span style=\"font-weight: 400;\">O puerp\u00e9rio, marca uma fase crucial na vida de uma mulher, caracterizada por uma s\u00e9rie de<\/span><b> transforma\u00e7\u00f5es f\u00edsicas, emocionais e sociais ap\u00f3s o parto. <\/b><span style=\"font-weight: 400;\">Entretanto, \u00e9 um per\u00edodo de transi\u00e7\u00e3o delicada, que demanda cuidados especiais e compreens\u00e3o das transforma\u00e7\u00f5es que a mulher vivencia.<\/span><\/p>\n<p><span style=\"font-weight: 400;\">Portanto, compreender o que \u00e9 o puerp\u00e9rio e suas diversas facetas \u00e9 fundamental para oferecer o suporte necess\u00e1rio \u00e0s mulheres nesse momento t\u00e3o singular de suas vidas. <\/span><b>Continue a leitura e saiba mais sobre esse universo junto conosco!<\/b><\/p>\n<h2><b>O que \u00e9 o puerp\u00e9rio?<\/b><\/h2>\n<p><span style=\"font-weight: 400;\">O<\/span><b> puerp\u00e9rio<\/b><span style=\"font-weight: 400;\"> \u00e9 o per\u00edodo p\u00f3s-parto que marca uma transi\u00e7\u00e3o abrupta no corpo da m\u00e3e, que se adaptou gradualmente ao longo dos \u00faltimos meses, com a barriga crescendo aos poucos. Logo, no momento do parto, essa transforma\u00e7\u00e3o se completa, sendo percebida tamb\u00e9m como um grande<\/span><b> esvaziamento de si.<\/b><\/p>\n<p><span style=\"font-weight: 400;\">No entanto, o per\u00edodo puerperal emerge no<\/span> <a href=\"https:\/\/www.telavita.com.br\/blog\/depressao-pos-parto\/\"><b>p\u00f3s-parto<\/b><\/a><span style=\"font-weight: 400;\"> e se estende ao longo do processo de adapta\u00e7\u00e3o fisiol\u00f3gica e emocional da m\u00e3e. A dura\u00e7\u00e3o desse per\u00edodo pode variar, j\u00e1 que algumas fam\u00edlias podem levar mais tempo para se ajustar \u00e0 nova rotina. Por\u00e9m, de maneira geral,<\/span><b> o puerp\u00e9rio costuma durar entre 45 a 60 dias ap\u00f3s o nascimento do beb\u00ea.<\/b><\/p>\n<p><span style=\"font-weight: 400;\">Todavia, al\u00e9m da pr\u00f3pria recupera\u00e7\u00e3o do corpo, com o retorno gradual aos padr\u00f5es pr\u00e9-gravidez, o puerp\u00e9rio tamb\u00e9m envolve um <\/span><b>intenso processo de adapta\u00e7\u00e3o emocional<\/b><span style=\"font-weight: 400;\">, \u00e0 medida que a m\u00e3e se familiariza com seu novo papel e os desafios da maternidade.\u00a0<\/span><\/p>\n<h2><b>O mito da maternidade perfeita<\/b><\/h2>\n<p><span style=\"font-weight: 400;\">Os <\/span><b>desafios do per\u00edodo puerperal <\/b><span style=\"font-weight: 400;\">s\u00e3o muitos, al\u00e9m da pr\u00f3pria recupera\u00e7\u00e3o do corpo, a m\u00e3e tamb\u00e9m precisa se preocupar com a amamenta\u00e7\u00e3o e o bem estar do beb\u00ea. Nessa fase, todos olham, perguntam e presenteiam o rec\u00e9m-nascido, mas <\/span><b>ainda h\u00e1 muito o que se falar e cuidar da m\u00e3e.\u00a0<\/b><\/p>\n<p><span style=\"font-weight: 400;\">A <\/span><a href=\"https:\/\/www.telavita.com.br\/blog\/mae\/\"><b>m\u00e3e \u00e9 eleita a cuidadora<\/b><\/a><span style=\"font-weight: 400;\">, e como com um bot\u00e3o ela precisa acionar o amor incondicional, a paix\u00e3o a primeira vista, sorrir para as visitas e se sentir a pessoa mais feliz do mundo. Mas na realidade,<\/span><b> isso n\u00e3o acontece magicamente.<\/b><\/p>\n<p><span style=\"font-weight: 400;\">Com o parto, surgem diversas experi\u00eancias f\u00edsicas, como dores, incha\u00e7o das mamas, desconforto intestinal, al\u00e9m de um sono desregulado, <\/span><b>o que intensifica as emo\u00e7\u00f5es.<\/b><span style=\"font-weight: 400;\">\u00a0<\/span><\/p>\n<p><span style=\"font-weight: 400;\">Nesse contexto, \u00e9 comum que sentimentos de inadequa\u00e7\u00e3o e estranheza surjam, podendo ser reprimidos, dando lugar \u00e0 <\/span><a href=\"https:\/\/www.telavita.com.br\/blog\/sentimento-de-culpa\/\"><b>culpa por n\u00e3o se sentir plenamente feliz<\/b><\/a><span style=\"font-weight: 400;\">, como \u00e9 esperado pela maioria das pessoas.<\/span><\/p>\n<h2><b>As emo\u00e7\u00f5es no puerp\u00e9rio<\/b><\/h2>\n<p><span style=\"font-weight: 400;\">As emo\u00e7\u00f5es no puerp\u00e9rio s\u00e3o extremamente complexas e variadas, constituindo um dos maiores <\/span><b>desafios enfrentados pelas mulheres ap\u00f3s o parto.<\/b><span style=\"font-weight: 400;\"> Esse per\u00edodo, marcado por uma montanha-russa de sentimentos, pode ser caracterizado por uma mistura intensa de <\/span><b>alegria, amor, ansiedade, tristeza e frustra\u00e7\u00e3o.<\/b><\/p>\n<div class=\"flex-1 overflow-hidden\">\n<div class=\"react-scroll-to-bottom--css-csygk-79elbk h-full\">\n<div class=\"react-scroll-to-bottom--css-csygk-1n7m0yu\">\n<div class=\"flex flex-col text-sm pb-9\">\n<div class=\"w-full text-token-text-primary\" data-testid=\"conversation-turn-25\">\n<div class=\"px-4 py-2 justify-center text-base md:gap-6 m-auto\">\n<div class=\"flex flex-1 text-base mx-auto gap-3 md:px-5 lg:px-1 xl:px-5 md:max-w-3xl lg:max-w-[40rem] xl:max-w-[48rem] group final-completion\">\n<div class=\"relative flex w-full flex-col agent-turn\">\n<div class=\"flex-col gap-1 md:gap-3\">\n<div class=\"flex flex-grow flex-col max-w-full\">\n<div class=\"min-h-[20px] text-message flex flex-col items-start gap-3 whitespace-pre-wrap break-words [.text-message+&amp;]:mt-5 overflow-x-auto\" data-message-author-role=\"assistant\" data-message-id=\"7b3b037d-cf2d-4ac2-afff-1d6a2b4242a9\">\n<div class=\"markdown prose w-full break-words dark:prose-invert light\">\n<p>A m\u00e3e pode sentir euforia ao conhecer o beb\u00ea, por\u00e9m pode se sentir sobrecarregada pelas demandas da maternidade. <span>Visto isso, altos e baixos emocionais do puerp\u00e9rio podem ser exacerbados por uma s\u00e9rie de fatores, incluindo mudan\u00e7as hormonais, <\/span><a href=\"https:\/\/www.telavita.com.br\/blog\/sintomas-de-estresse\/\"><b>estresse ambiental <\/b><\/a><span>e <\/span><b>a press\u00e3o da sociedade para se adaptar rapidamente ao papel de m\u00e3e.<\/b><\/p>\n<\/div>\n<\/div>\n<\/div>\n<\/div>\n<\/div>\n<\/div>\n<\/div>\n<\/div>\n<\/div>\n<\/div>\n<\/div>\n<\/div>\n<p><span style=\"font-weight: 400;\">Entretanto, no meio disso tudo, podem surgir dois fen\u00f4menos muito conhecidos: o baby blues e a <\/span><a href=\"https:\/\/www.telavita.com.br\/blog\/sintomas-da-depressao-pos-parto\/\"><b>depress\u00e3o p\u00f3s-parto.<\/b><\/a><\/p>\n<h3><b>Baby blues<\/b><\/h3>\n<p><span style=\"font-weight: 400;\">O chamado<\/span><b> &#8220;baby blues&#8221; <\/b><span style=\"font-weight: 400;\">\u00e9 uma ocorr\u00eancia comum, manifestando-se como epis\u00f3dios de choro inexplic\u00e1vel, irritabilidade e <\/span><a href=\"https:\/\/www.telavita.com.br\/blog\/depressao-melancolica\/\"><b>sentimentos de melancolia<\/b><\/a><span style=\"font-weight: 400;\"> nos primeiros dias ap\u00f3s o parto. Essas emo\u00e7\u00f5es s\u00e3o muitas vezes exacerbadas pela exaust\u00e3o f\u00edsica resultante do trabalho de parto e da priva\u00e7\u00e3o de sono associada aos cuidados do rec\u00e9m-nascido.<\/span><\/p>\n<h3><b>Depress\u00e3o p\u00f3s-parto<\/b><\/h3>\n<p><span style=\"font-weight: 400;\">A depress\u00e3o p\u00f3s-parto, diferente do baby blues, se caracteriza por <\/span><b>sentimentos persistentes<\/b><span style=\"font-weight: 400;\"> de tristeza, desesperan\u00e7a, ansiedade intensa e dificuldade em cuidar de si mesma ou do beb\u00ea. Todavia, nesses casos \u00e9 fundamental reconhecer e abordar essas emo\u00e7\u00f5es de forma adequada, <\/span><b>buscando apoio m\u00e9dico e psicol\u00f3gico quando necess\u00e1rio.<\/b><\/p>\n<h2><b>Precisamos falar mais sobre o puerp\u00e9rio<\/b><\/h2>\n<p><span style=\"font-weight: 400;\">Precisamos abordar o puerp\u00e9rio com mais profundidade. Portanto, iniciar um di\u00e1logo sobre esse tema \u00e9 importante para conscientizar as pessoas, especialmente as m\u00e3es, de que<\/span><b> os sentimentos s\u00e3o passageiros e n\u00e3o control\u00e1veis.<\/b><\/p>\n<p><span style=\"font-weight: 400;\">Contudo, \u00e9 essencial reconhecer que a fam\u00edlia, incluindo o pai e a rede de apoio, tamb\u00e9m est\u00e1 passando por um per\u00edodo p\u00f3s-parto e <\/span><b>desempenham um papel crucial como cuidadores<\/b><span style=\"font-weight: 400;\">, inclusive no <\/span><b>apoio \u00e0 m\u00e3e.<\/b><\/p>\n<p><span style=\"font-weight: 400;\">Dessa maneira, o puerp\u00e9rio \u00e9 um per\u00edodo dif\u00edcil para a mulher, por isso, fazer acompanhamento psicol\u00f3gico durante e ap\u00f3s a gravidez, participar de grupos de m\u00e3es e <\/span><a href=\"https:\/\/www.telavita.com.br\/blog\/saude-mental-maternal\/\"><b>desromantizar a maternidade<\/b><\/a><span style=\"font-weight: 400;\"> podem ser passos importantes <\/span><b>para que as m\u00e3es sofram menos com a frustra\u00e7\u00e3o da maternidade real.\u00a0<\/b><\/p>\n<span class='mb-center maxbutton-3-center'><span class='maxbutton-3-container mb-container'><a class=\"maxbutton-3 maxbutton maxbutton-manda-para-pagina-psicologos\" href=\"https:\/\/app.telavita.com.br\/psicologia-online\/encontre-seu-psicologo\"><span class='mb-text'>Agende agora uma consulta com psic\u00f3logo<\/span><\/a><\/span><\/span>\n","protected":false},"excerpt":{"rendered":"<p>O puerp\u00e9rio, marca uma fase crucial na vida de uma mulher, caracterizada por uma s\u00e9rie de transforma\u00e7\u00f5es f\u00edsicas, emocionais e sociais ap\u00f3s o parto. Entretanto, \u00e9 um per\u00edodo de transi\u00e7\u00e3o delicada, que demanda cuidados especiais e compreens\u00e3o das transforma\u00e7\u00f5es que a mulher vivencia. Portanto, compreender o que \u00e9 o puerp\u00e9rio e suas diversas facetas \u00e9 [&hellip;]<\/p>\n","protected":false},"author":35,"featured_media":9200,"comment_status":"open","ping_status":"open","sticky":false,"template":"","format":"standard","meta":{"_lmt_disableupdate":"","_lmt_disable":"","footnotes":""},"categories":[25],"tags":[],"yoast_head":"<!-- This site is optimized with the Yoast SEO plugin v19.8 - https:\/\/yoast.com\/wordpress\/plugins\/seo\/ -->\n<title>Desvende o puerp\u00e9rio e as particularidades dessa fase - Telavita Telavita<\/title>\n<meta name=\"description\" content=\"O puerp\u00e9rio \u00e9 um per\u00edodo dif\u00edcil para as m\u00e3es, saiba seu significado e os maiores desafios a serem enfrentados pelas mulheres.\" \/>\n<meta name=\"robots\" content=\"index, follow, max-snippet:-1, max-image-preview:large, max-video-preview:-1\" \/>\n<link rel=\"canonical\" href=\"https:\/\/www.telavita.com.br\/blog\/puerperio\/\" \/>\n<meta property=\"og:locale\" content=\"pt_BR\" \/>\n<meta property=\"og:type\" content=\"article\" \/>\n<meta property=\"og:title\" content=\"Desvende o puerp\u00e9rio e as particularidades dessa fase - Telavita Telavita\" \/>\n<meta property=\"og:description\" content=\"O puerp\u00e9rio \u00e9 um per\u00edodo dif\u00edcil para as m\u00e3es, saiba seu significado e os maiores desafios a serem enfrentados pelas mulheres.\" \/>\n<meta property=\"og:url\" content=\"https:\/\/www.telavita.com.br\/blog\/puerperio\/\" \/>\n<meta property=\"og:site_name\" content=\"Telavita\" \/>\n<meta property=\"article:publisher\" content=\"https:\/\/www.facebook.com\/Telavita\" \/>\n<meta property=\"article:published_time\" content=\"2024-03-15T18:46:18+00:00\" \/>\n<meta property=\"article:modified_time\" content=\"2024-03-15T18:46:43+00:00\" \/>\n<meta property=\"og:image\" content=\"https:\/\/www.telavita.com.br\/blog\/wp-content\/uploads\/2024\/03\/mae-com-bebe-no-puerperio.jpg\" \/>\n\t<meta property=\"og:image:width\" content=\"2560\" \/>\n\t<meta property=\"og:image:height\" content=\"1707\" \/>\n\t<meta property=\"og:image:type\" content=\"image\/jpeg\" \/>\n<meta name=\"author\" content=\"Psic\u00f3loga S\u00f4nia Portes - CRP 06\/70243\" \/>\n<meta name=\"twitter:card\" content=\"summary_large_image\" \/>\n<meta name=\"twitter:label1\" content=\"Escrito por\" \/>\n\t<meta name=\"twitter:data1\" content=\"Psic\u00f3loga S\u00f4nia Portes - CRP 06\/70243\" \/>\n\t<meta name=\"twitter:label2\" content=\"Est. tempo de leitura\" \/>\n\t<meta name=\"twitter:data2\" content=\"4 minutos\" \/>\n<!-- \/ Yoast SEO plugin. -->","yoast_head_json":{"title":"Desvende o puerp\u00e9rio e as particularidades dessa fase - Telavita Telavita","description":"O puerp\u00e9rio \u00e9 um per\u00edodo dif\u00edcil para as m\u00e3es, saiba seu significado e os maiores desafios a serem enfrentados pelas mulheres.","robots":{"index":"index","follow":"follow","max-snippet":"max-snippet:-1","max-image-preview":"max-image-preview:large","max-video-preview":"max-video-preview:-1"},"canonical":"https:\/\/www.telavita.com.br\/blog\/puerperio\/","og_locale":"pt_BR","og_type":"article","og_title":"Desvende o puerp\u00e9rio e as particularidades dessa fase - Telavita Telavita","og_description":"O puerp\u00e9rio \u00e9 um per\u00edodo dif\u00edcil para as m\u00e3es, saiba seu significado e os maiores desafios a serem enfrentados pelas mulheres.","og_url":"https:\/\/www.telavita.com.br\/blog\/puerperio\/","og_site_name":"Telavita","article_publisher":"https:\/\/www.facebook.com\/Telavita","article_published_time":"2024-03-15T18:46:18+00:00","article_modified_time":"2024-03-15T18:46:43+00:00","og_image":[{"width":2560,"height":1707,"url":"https:\/\/www.telavita.com.br\/blog\/wp-content\/uploads\/2024\/03\/mae-com-bebe-no-puerperio.jpg","type":"image\/jpeg"}],"author":"Psic\u00f3loga S\u00f4nia Portes - CRP 06\/70243","twitter_card":"summary_large_image","twitter_misc":{"Escrito por":"Psic\u00f3loga S\u00f4nia Portes - CRP 06\/70243","Est. tempo de leitura":"4 minutos"},"schema":{"@context":"https:\/\/schema.org","@graph":[{"@type":"Article","@id":"https:\/\/www.telavita.com.br\/blog\/puerperio\/#article","isPartOf":{"@id":"https:\/\/www.telavita.com.br\/blog\/puerperio\/"},"author":{"name":"Psic\u00f3loga S\u00f4nia Portes - CRP 06\/70243","@id":"https:\/\/www.telavita.com.br\/blog\/#\/schema\/person\/1ef8868d9ad023e16aebe6ac3c036b7c"},"headline":"Desvende o puerp\u00e9rio e as particularidades dessa fase","datePublished":"2024-03-15T18:46:18+00:00","dateModified":"2024-03-15T18:46:43+00:00","mainEntityOfPage":{"@id":"https:\/\/www.telavita.com.br\/blog\/puerperio\/"},"wordCount":829,"commentCount":0,"publisher":{"@id":"https:\/\/www.telavita.com.br\/blog\/#organization"},"articleSection":["Gesta\u00e7\u00e3o"],"inLanguage":"pt-BR","potentialAction":[{"@type":"CommentAction","name":"Comment","target":["https:\/\/www.telavita.com.br\/blog\/puerperio\/#respond"]}]},{"@type":"WebPage","@id":"https:\/\/www.telavita.com.br\/blog\/puerperio\/","url":"https:\/\/www.telavita.com.br\/blog\/puerperio\/","name":"Desvende o puerp\u00e9rio e as particularidades dessa fase - Telavita Telavita","isPartOf":{"@id":"https:\/\/www.telavita.com.br\/blog\/#website"},"datePublished":"2024-03-15T18:46:18+00:00","dateModified":"2024-03-15T18:46:43+00:00","description":"O puerp\u00e9rio \u00e9 um per\u00edodo dif\u00edcil para as m\u00e3es, saiba seu significado e os maiores desafios a serem enfrentados pelas mulheres.","breadcrumb":{"@id":"https:\/\/www.telavita.com.br\/blog\/puerperio\/#breadcrumb"},"inLanguage":"pt-BR","potentialAction":[{"@type":"ReadAction","target":["https:\/\/www.telavita.com.br\/blog\/puerperio\/"]}]},{"@type":"BreadcrumbList","@id":"https:\/\/www.telavita.com.br\/blog\/puerperio\/#breadcrumb","itemListElement":[{"@type":"ListItem","position":1,"name":"In\u00edcio","item":"https:\/\/www.telavita.com.br\/blog\/"},{"@type":"ListItem","position":2,"name":"Desvende o puerp\u00e9rio e as particularidades dessa fase"}]},{"@type":"WebSite","@id":"https:\/\/www.telavita.com.br\/blog\/#website","url":"https:\/\/www.telavita.com.br\/blog\/","name":"Telavita","description":"Conte\u00fados especializados sobre sa\u00fade mental e bem-estar","publisher":{"@id":"https:\/\/www.telavita.com.br\/blog\/#organization"},"potentialAction":[{"@type":"SearchAction","target":{"@type":"EntryPoint","urlTemplate":"https:\/\/www.telavita.com.br\/blog\/?s={search_term_string}"},"query-input":"required name=search_term_string"}],"inLanguage":"pt-BR"},{"@type":"Organization","@id":"https:\/\/www.telavita.com.br\/blog\/#organization","name":"Telavita","url":"https:\/\/www.telavita.com.br\/blog\/","sameAs":["https:\/\/www.linkedin.com\/company\/telavita\/mycompany\/verification\/","https:\/\/www.instagram.com\/telavita\/","https:\/\/www.facebook.com\/Telavita"],"logo":{"@type":"ImageObject","inLanguage":"pt-BR","@id":"https:\/\/www.telavita.com.br\/blog\/#\/schema\/logo\/image\/","url":"https:\/\/www.telavita.com.br\/blog\/wp-content\/uploads\/2021\/05\/telavita.jpg","contentUrl":"https:\/\/www.telavita.com.br\/blog\/wp-content\/uploads\/2021\/05\/telavita.jpg","width":200,"height":200,"caption":"Telavita"},"image":{"@id":"https:\/\/www.telavita.com.br\/blog\/#\/schema\/logo\/image\/"}},{"@type":"Person","@id":"https:\/\/www.telavita.com.br\/blog\/#\/schema\/person\/1ef8868d9ad023e16aebe6ac3c036b7c","name":"Psic\u00f3loga S\u00f4nia Portes - CRP 06\/70243","image":{"@type":"ImageObject","inLanguage":"pt-BR","@id":"https:\/\/www.telavita.com.br\/blog\/#\/schema\/person\/image\/","url":"https:\/\/secure.gravatar.com\/avatar\/8777fac0b6570535dff5b07765f56e08?s=96&d=mm&r=g","contentUrl":"https:\/\/secure.gravatar.com\/avatar\/8777fac0b6570535dff5b07765f56e08?s=96&d=mm&r=g","caption":"Psic\u00f3loga S\u00f4nia Portes - CRP 06\/70243"},"description":"Psic\u00f3loga com mais de 15 anos de experi\u00eancia cl\u00ednica. Mestre em Psicologia pela PUC - SP, docente no ensino superior, pesquisadora, escritora, palestrante e volunt\u00e1ria na Funda\u00e7\u00e3o Abrinq.","url":"https:\/\/www.telavita.com.br\/blog\/author\/soniaportes\/"}]}},"modified_by":null,"_links":{"self":[{"href":"https:\/\/www.telavita.com.br\/blog\/wp-json\/wp\/v2\/posts\/9199"}],"collection":[{"href":"https:\/\/www.telavita.com.br\/blog\/wp-json\/wp\/v2\/posts"}],"about":[{"href":"https:\/\/www.telavita.com.br\/blog\/wp-json\/wp\/v2\/types\/post"}],"author":[{"embeddable":true,"href":"https:\/\/www.telavita.com.br\/blog\/wp-json\/wp\/v2\/users\/35"}],"replies":[{"embeddable":true,"href":"https:\/\/www.telavita.com.br\/blog\/wp-json\/wp\/v2\/comments?post=9199"}],"version-history":[{"count":1,"href":"https:\/\/www.telavita.com.br\/blog\/wp-json\/wp\/v2\/posts\/9199\/revisions"}],"predecessor-version":[{"id":9201,"href":"https:\/\/www.telavita.com.br\/blog\/wp-json\/wp\/v2\/posts\/9199\/revisions\/9201"}],"wp:featuredmedia":[{"embeddable":true,"href":"https:\/\/www.telavita.com.br\/blog\/wp-json\/wp\/v2\/media\/9200"}],"wp:attachment":[{"href":"https:\/\/www.telavita.com.br\/blog\/wp-json\/wp\/v2\/media?parent=9199"}],"wp:term":[{"taxonomy":"category","embeddable":true,"href":"https:\/\/www.telavita.com.br\/blog\/wp-json\/wp\/v2\/categories?post=9199"},{"taxonomy":"post_tag","embeddable":true,"href":"https:\/\/www.telavita.com.br\/blog\/wp-json\/wp\/v2\/tags?post=9199"}],"curies":[{"name":"wp","href":"https:\/\/api.w.org\/{rel}","templated":true}]}}