{"id":9212,"date":"2024-03-25T19:16:56","date_gmt":"2024-03-25T22:16:56","guid":{"rendered":"https:\/\/www.telavita.com.br\/blog\/?p=9212"},"modified":"2024-03-25T19:17:27","modified_gmt":"2024-03-25T22:17:27","slug":"complexo-de-inferioridade","status":"publish","type":"post","link":"https:\/\/www.telavita.com.br\/blog\/complexo-de-inferioridade\/","title":{"rendered":"Complexo de inferioridade: estrat\u00e9gias de enfrentamento e tratamentos"},"content":{"rendered":"<p><span style=\"font-weight: 400;\">O<\/span><b> complexo de inferioridade<\/b><span style=\"font-weight: 400;\"> \u00e9 um fen\u00f4meno ligado \u00e0 autoimagem e percep\u00e7\u00e3o negativa que o indiv\u00edduo cultiva sobre si. Entretanto, pode afetar n\u00e3o apenas a maneira como nos vemos, mas tamb\u00e9m como interagimos com o mundo ao nosso redor.<\/span><\/p>\n<p><span style=\"font-weight: 400;\">Este estado psicol\u00f3gico pode surgir de diversas fontes, desde <\/span><a href=\"https:\/\/www.telavita.com.br\/blog\/traumas-emocionais\/\"><b>experi\u00eancias traum\u00e1ticas da inf\u00e2ncia<\/b><\/a><span style=\"font-weight: 400;\"> at\u00e9 compara\u00e7\u00f5es sociais incessantes. Logo, se voc\u00ea tem curiosidade para saber mais sobre o complexo de inferioridade, <\/span><b>continue a leitura conosco!<\/b><\/p>\n<h2><b>Como o complexo de inferioridade surge?<\/b><\/h2>\n<p><span style=\"font-weight: 400;\">O <\/span><b>complexo de inferioridade<\/b><span style=\"font-weight: 400;\"> se desenvolve como uma forte sensa\u00e7\u00e3o de inadequa\u00e7\u00e3o, inferioridade ou incapacidade<\/span> <a href=\"https:\/\/www.telavita.com.br\/blog\/comparacao-com-o-outro\/\"><b>em compara\u00e7\u00e3o com os outros.<\/b><\/a> <span style=\"font-weight: 400;\">Contudo, esse sentimento pode se manifestar em v\u00e1rias \u00e1reas da vida, como relacionamentos interpessoais, desempenho acad\u00eamico, carreira profissional e autoimagem.<\/span><\/p>\n<p><span style=\"font-weight: 400;\">Todavia, <\/span><b>este fen\u00f4meno surge de v\u00e1rias maneiras<\/b><span style=\"font-weight: 400;\"> e incluem baixa autoestima, sentimentos intensos de inadequa\u00e7\u00e3o, compara\u00e7\u00e3o constante com os outros, autocr\u00edtica excessiva, dificuldade em aceitar elogios, <\/span><a href=\"https:\/\/www.telavita.com.br\/blog\/perfeccionismo\/\"><b>perfeccionismo<\/b><\/a><span style=\"font-weight: 400;\">, ansiedade social e evita\u00e7\u00e3o de situa\u00e7\u00f5es desafiadoras.<\/span><\/p>\n<p><span style=\"font-weight: 400;\">Essas manifesta\u00e7\u00f5es podem variar de pessoa para pessoa, sendo algumas mais evidentes do que outras. Sendo assim, alguns indiv\u00edduos podem exibir sinais claros de baixa autoestima, enquanto outros podem mascarar seus sentimentos de inadequa\u00e7\u00e3o atrav\u00e9s de um comportamento excessivamente perfeccionista ou de<\/span><b> uma busca incessante por valida\u00e7\u00e3o externa.\u00a0<\/b><\/p>\n<h2><b>Como lidar com o complexo de inferioridade?<\/b><\/h2>\n<p><span style=\"font-weight: 400;\">O complexo de inferioridade \u00e9 um desafio psicol\u00f3gico significativo que pode impactar profundamente a vida de um indiv\u00edduo. Por\u00e9m, embora seja uma luta desafiadora, existem v\u00e1rias<\/span><b> estrat\u00e9gias eficazes<\/b><span style=\"font-weight: 400;\"> para lidar com esse fen\u00f4meno psicol\u00f3gico que s\u00e3o:<\/span><\/p>\n<h3><b>Autoconhecimento<\/b><\/h3>\n<p><span style=\"font-weight: 400;\">Reconhecer e compreender suas pr\u00f3prias emo\u00e7\u00f5es e pensamentos em rela\u00e7\u00e3o \u00e0 inferioridade \u00e9 o primeiro passo para superar o complexo de inferioridade. Isso envolve <\/span><a href=\"https:\/\/www.telavita.com.br\/blog\/inseguranca\/\"><b>estar consciente de suas inseguran\u00e7as<\/b><\/a><span style=\"font-weight: 400;\"> e como elas impactam sua vida di\u00e1ria.<\/span><\/p>\n<h3><b>Terapia<\/b><\/h3>\n<p><span style=\"font-weight: 400;\">A terapia psicol\u00f3gica, como a <\/span><a href=\"https:\/\/www.telavita.com.br\/blog\/terapia-cognitiva-comportamental\/\"><b>terapia cognitivo-comportamental (TCC)<\/b><\/a><span style=\"font-weight: 400;\">, pode ajudar os indiv\u00edduos a <\/span><b>explorar e desafiar pensamentos distorcidos ou negativos sobre si mesmos<\/b><span style=\"font-weight: 400;\">, promovendo uma autoimagem mais positiva e saud\u00e1vel.<\/span><\/p>\n<h3><b>Pr\u00e1tica de auto aceita\u00e7\u00e3o<\/b><\/h3>\n<p><span style=\"font-weight: 400;\">Cultivar a aceita\u00e7\u00e3o e o <\/span><a href=\"https:\/\/www.telavita.com.br\/blog\/amor-proprio\/\"><b>amor pr\u00f3prio<\/b><\/a><span style=\"font-weight: 400;\"> \u00e9 fundamental para superar o complexo de inferioridade. Contudo, isso pode envolver praticar a auto compaix\u00e3o, reconhecer e valorizar suas pr\u00f3prias habilidades e conquistas, e<\/span><b> aprender a se perdoar por falhas passadas.<\/b><\/p>\n<h3><b>Defini\u00e7\u00e3o de metas realistas<\/b><\/h3>\n<p><b>Estabelecer metas realistas e alcan\u00e7\u00e1veis<\/b><span style=\"font-weight: 400;\"> pode ajudar a reduzir sentimentos de inadequa\u00e7\u00e3o e aumentar a autoconfian\u00e7a. \u00c9 importante celebrar cada pequena conquista ao longo do caminho.<\/span><\/p>\n<h3><b>Busca de apoio social<\/b><\/h3>\n<p><span style=\"font-weight: 400;\">Buscar apoio dos amigos, familiares ou grupos de apoio pode oferecer um <\/span><a href=\"https:\/\/www.telavita.com.br\/blog\/rede-de-apoio\/\"><b>sistema de suporte<\/b><\/a><span style=\"font-weight: 400;\"> vital durante <\/span><b>momentos de autoquestionamento e inseguran\u00e7a.<\/b><\/p>\n<h2><b>De que forma a Telavita pode te ajudar?<\/b><\/h2>\n<p><span style=\"font-weight: 400;\">Aqui na Telavita, os indiv\u00edduos que enfrentam o complexo de inferioridade podem acessar <\/span><b>terapeutas especializados em quest\u00f5es relacionadas \u00e0 autoestima e autoimagem.\u00a0<\/b><\/p>\n<p><span style=\"font-weight: 400;\">Os psic\u00f3logos podem oferecer um ambiente seguro e acolhedor para explorar as causas subjacentes do complexo de inferioridade, <\/span><b>desafiar pensamentos negativos <\/b><span style=\"font-weight: 400;\">e desenvolver estrat\u00e9gias para fortalecer a autoconfian\u00e7a e promover uma vis\u00e3o mais positiva de si mesmo.\u00a0<\/span><\/p>\n<p><span style=\"font-weight: 400;\">Dessa forma, com o suporte terap\u00eautico cont\u00ednuo da Telavita, os pacientes podem trabalhar para superar as barreiras emocionais e comportamentais associadas ao complexo de inferioridade, <\/span><b>alcan\u00e7ando um maior bem-estar emocional e uma maior satisfa\u00e7\u00e3o com suas vidas.<\/b><\/p>\n<span class='mb-center maxbutton-3-center'><span class='maxbutton-3-container mb-container'><a class=\"maxbutton-3 maxbutton maxbutton-manda-para-pagina-psicologos\" href=\"https:\/\/app.telavita.com.br\/psicologia-online\/encontre-seu-psicologo\"><span class='mb-text'>Agende agora uma consulta com psic\u00f3logo<\/span><\/a><\/span><\/span>\n","protected":false},"excerpt":{"rendered":"<p>O complexo de inferioridade \u00e9 um fen\u00f4meno ligado \u00e0 autoimagem e percep\u00e7\u00e3o negativa que o indiv\u00edduo cultiva sobre si. Entretanto, pode afetar n\u00e3o apenas a maneira como nos vemos, mas tamb\u00e9m como interagimos com o mundo ao nosso redor. Este estado psicol\u00f3gico pode surgir de diversas fontes, desde experi\u00eancias traum\u00e1ticas da inf\u00e2ncia at\u00e9 compara\u00e7\u00f5es sociais [&hellip;]<\/p>\n","protected":false},"author":19,"featured_media":9213,"comment_status":"open","ping_status":"open","sticky":false,"template":"","format":"standard","meta":{"_lmt_disableupdate":"","_lmt_disable":"","footnotes":""},"categories":[266],"tags":[],"yoast_head":"<!-- This site is optimized with the Yoast SEO plugin v19.8 - https:\/\/yoast.com\/wordpress\/plugins\/seo\/ -->\n<title>Desvende o complexo de inferioridade e como venc\u00ea-lo - Telavita<\/title>\n<meta name=\"description\" content=\"O complexo de inferioridade \u00e9 um fen\u00f4meno que afeta a autoimagem. Desvende as melhores estrat\u00e9gias de enfrentamento para este problema.\" \/>\n<meta name=\"robots\" content=\"index, follow, max-snippet:-1, max-image-preview:large, max-video-preview:-1\" \/>\n<link rel=\"canonical\" href=\"https:\/\/www.telavita.com.br\/blog\/complexo-de-inferioridade\/\" \/>\n<meta property=\"og:locale\" content=\"pt_BR\" \/>\n<meta property=\"og:type\" content=\"article\" \/>\n<meta property=\"og:title\" content=\"Desvende o complexo de inferioridade e como venc\u00ea-lo - Telavita\" \/>\n<meta property=\"og:description\" content=\"O complexo de inferioridade \u00e9 um fen\u00f4meno que afeta a autoimagem. Desvende as melhores estrat\u00e9gias de enfrentamento para este problema.\" \/>\n<meta property=\"og:url\" content=\"https:\/\/www.telavita.com.br\/blog\/complexo-de-inferioridade\/\" \/>\n<meta property=\"og:site_name\" content=\"Telavita\" \/>\n<meta property=\"article:publisher\" content=\"https:\/\/www.facebook.com\/Telavita\" \/>\n<meta property=\"article:published_time\" content=\"2024-03-25T22:16:56+00:00\" \/>\n<meta property=\"article:modified_time\" content=\"2024-03-25T22:17:27+00:00\" \/>\n<meta property=\"og:image\" content=\"https:\/\/www.telavita.com.br\/blog\/wp-content\/uploads\/2024\/03\/mulher-com-complexo-de-inferioridade.jpg\" \/>\n\t<meta property=\"og:image:width\" content=\"2559\" \/>\n\t<meta property=\"og:image:height\" content=\"1706\" \/>\n\t<meta property=\"og:image:type\" content=\"image\/jpeg\" \/>\n<meta name=\"author\" content=\"Psic\u00f3loga Flavia Romano - CRP 06\/55863\" \/>\n<meta name=\"twitter:card\" content=\"summary_large_image\" \/>\n<meta name=\"twitter:label1\" content=\"Escrito por\" \/>\n\t<meta name=\"twitter:data1\" content=\"Psic\u00f3loga Flavia Romano - CRP 06\/55863\" \/>\n\t<meta name=\"twitter:label2\" content=\"Est. tempo de leitura\" \/>\n\t<meta name=\"twitter:data2\" content=\"3 minutos\" \/>\n<!-- \/ Yoast SEO plugin. -->","yoast_head_json":{"title":"Desvende o complexo de inferioridade e como venc\u00ea-lo - Telavita","description":"O complexo de inferioridade \u00e9 um fen\u00f4meno que afeta a autoimagem. Desvende as melhores estrat\u00e9gias de enfrentamento para este problema.","robots":{"index":"index","follow":"follow","max-snippet":"max-snippet:-1","max-image-preview":"max-image-preview:large","max-video-preview":"max-video-preview:-1"},"canonical":"https:\/\/www.telavita.com.br\/blog\/complexo-de-inferioridade\/","og_locale":"pt_BR","og_type":"article","og_title":"Desvende o complexo de inferioridade e como venc\u00ea-lo - Telavita","og_description":"O complexo de inferioridade \u00e9 um fen\u00f4meno que afeta a autoimagem. Desvende as melhores estrat\u00e9gias de enfrentamento para este problema.","og_url":"https:\/\/www.telavita.com.br\/blog\/complexo-de-inferioridade\/","og_site_name":"Telavita","article_publisher":"https:\/\/www.facebook.com\/Telavita","article_published_time":"2024-03-25T22:16:56+00:00","article_modified_time":"2024-03-25T22:17:27+00:00","og_image":[{"width":2559,"height":1706,"url":"https:\/\/www.telavita.com.br\/blog\/wp-content\/uploads\/2024\/03\/mulher-com-complexo-de-inferioridade.jpg","type":"image\/jpeg"}],"author":"Psic\u00f3loga Flavia Romano - CRP 06\/55863","twitter_card":"summary_large_image","twitter_misc":{"Escrito por":"Psic\u00f3loga Flavia Romano - CRP 06\/55863","Est. tempo de leitura":"3 minutos"},"schema":{"@context":"https:\/\/schema.org","@graph":[{"@type":"Article","@id":"https:\/\/www.telavita.com.br\/blog\/complexo-de-inferioridade\/#article","isPartOf":{"@id":"https:\/\/www.telavita.com.br\/blog\/complexo-de-inferioridade\/"},"author":{"name":"Psic\u00f3loga Flavia Romano - CRP 06\/55863","@id":"https:\/\/www.telavita.com.br\/blog\/#\/schema\/person\/434e660749e8be03e6d821dd30e2f790"},"headline":"Complexo de inferioridade: estrat\u00e9gias de enfrentamento e tratamentos","datePublished":"2024-03-25T22:16:56+00:00","dateModified":"2024-03-25T22:17:27+00:00","mainEntityOfPage":{"@id":"https:\/\/www.telavita.com.br\/blog\/complexo-de-inferioridade\/"},"wordCount":582,"commentCount":0,"publisher":{"@id":"https:\/\/www.telavita.com.br\/blog\/#organization"},"articleSection":["Autoconhecimento"],"inLanguage":"pt-BR","potentialAction":[{"@type":"CommentAction","name":"Comment","target":["https:\/\/www.telavita.com.br\/blog\/complexo-de-inferioridade\/#respond"]}]},{"@type":"WebPage","@id":"https:\/\/www.telavita.com.br\/blog\/complexo-de-inferioridade\/","url":"https:\/\/www.telavita.com.br\/blog\/complexo-de-inferioridade\/","name":"Desvende o complexo de inferioridade e como venc\u00ea-lo - Telavita","isPartOf":{"@id":"https:\/\/www.telavita.com.br\/blog\/#website"},"datePublished":"2024-03-25T22:16:56+00:00","dateModified":"2024-03-25T22:17:27+00:00","description":"O complexo de inferioridade \u00e9 um fen\u00f4meno que afeta a autoimagem. Desvende as melhores estrat\u00e9gias de enfrentamento para este problema.","breadcrumb":{"@id":"https:\/\/www.telavita.com.br\/blog\/complexo-de-inferioridade\/#breadcrumb"},"inLanguage":"pt-BR","potentialAction":[{"@type":"ReadAction","target":["https:\/\/www.telavita.com.br\/blog\/complexo-de-inferioridade\/"]}]},{"@type":"BreadcrumbList","@id":"https:\/\/www.telavita.com.br\/blog\/complexo-de-inferioridade\/#breadcrumb","itemListElement":[{"@type":"ListItem","position":1,"name":"In\u00edcio","item":"https:\/\/www.telavita.com.br\/blog\/"},{"@type":"ListItem","position":2,"name":"Complexo de inferioridade: estrat\u00e9gias de enfrentamento e tratamentos"}]},{"@type":"WebSite","@id":"https:\/\/www.telavita.com.br\/blog\/#website","url":"https:\/\/www.telavita.com.br\/blog\/","name":"Telavita","description":"Conte\u00fados especializados sobre sa\u00fade mental e bem-estar","publisher":{"@id":"https:\/\/www.telavita.com.br\/blog\/#organization"},"potentialAction":[{"@type":"SearchAction","target":{"@type":"EntryPoint","urlTemplate":"https:\/\/www.telavita.com.br\/blog\/?s={search_term_string}"},"query-input":"required name=search_term_string"}],"inLanguage":"pt-BR"},{"@type":"Organization","@id":"https:\/\/www.telavita.com.br\/blog\/#organization","name":"Telavita","url":"https:\/\/www.telavita.com.br\/blog\/","sameAs":["https:\/\/www.linkedin.com\/company\/telavita\/mycompany\/verification\/","https:\/\/www.instagram.com\/telavita\/","https:\/\/www.facebook.com\/Telavita"],"logo":{"@type":"ImageObject","inLanguage":"pt-BR","@id":"https:\/\/www.telavita.com.br\/blog\/#\/schema\/logo\/image\/","url":"https:\/\/www.telavita.com.br\/blog\/wp-content\/uploads\/2021\/05\/telavita.jpg","contentUrl":"https:\/\/www.telavita.com.br\/blog\/wp-content\/uploads\/2021\/05\/telavita.jpg","width":200,"height":200,"caption":"Telavita"},"image":{"@id":"https:\/\/www.telavita.com.br\/blog\/#\/schema\/logo\/image\/"}},{"@type":"Person","@id":"https:\/\/www.telavita.com.br\/blog\/#\/schema\/person\/434e660749e8be03e6d821dd30e2f790","name":"Psic\u00f3loga Flavia Romano - CRP 06\/55863","image":{"@type":"ImageObject","inLanguage":"pt-BR","@id":"https:\/\/www.telavita.com.br\/blog\/#\/schema\/person\/image\/","url":"https:\/\/secure.gravatar.com\/avatar\/bfcbafcb0ca5b97b728e244d70821c0a?s=96&d=mm&r=g","contentUrl":"https:\/\/secure.gravatar.com\/avatar\/bfcbafcb0ca5b97b728e244d70821c0a?s=96&d=mm&r=g","caption":"Psic\u00f3loga Flavia Romano - CRP 06\/55863"},"description":"Psic\u00f3loga com mais de 18 anos de experi\u00eancia na \u00e1rea cl\u00ednica. Tenho ampla experi\u00eancia em pessoas com depress\u00e3o, ansiedade, p\u00e2nico, transtorno obsessivo compulsivo, doen\u00e7as cr\u00f4nicas e graves, auto-estima, medos, conflitos pessoais, familiares, amorosos e profissionais. Trabalho com a terapia cognitivo-comportamental, al\u00e9m disso, com psicoterapia breve em momentos de crise. Estou sempre em constante atualiza\u00e7\u00e3o para ter cada vez mais t\u00e9cnicas para ajudar o meu paciente.","url":"https:\/\/www.telavita.com.br\/blog\/author\/flavia-romano\/"}]}},"modified_by":null,"_links":{"self":[{"href":"https:\/\/www.telavita.com.br\/blog\/wp-json\/wp\/v2\/posts\/9212"}],"collection":[{"href":"https:\/\/www.telavita.com.br\/blog\/wp-json\/wp\/v2\/posts"}],"about":[{"href":"https:\/\/www.telavita.com.br\/blog\/wp-json\/wp\/v2\/types\/post"}],"author":[{"embeddable":true,"href":"https:\/\/www.telavita.com.br\/blog\/wp-json\/wp\/v2\/users\/19"}],"replies":[{"embeddable":true,"href":"https:\/\/www.telavita.com.br\/blog\/wp-json\/wp\/v2\/comments?post=9212"}],"version-history":[{"count":1,"href":"https:\/\/www.telavita.com.br\/blog\/wp-json\/wp\/v2\/posts\/9212\/revisions"}],"predecessor-version":[{"id":9214,"href":"https:\/\/www.telavita.com.br\/blog\/wp-json\/wp\/v2\/posts\/9212\/revisions\/9214"}],"wp:featuredmedia":[{"embeddable":true,"href":"https:\/\/www.telavita.com.br\/blog\/wp-json\/wp\/v2\/media\/9213"}],"wp:attachment":[{"href":"https:\/\/www.telavita.com.br\/blog\/wp-json\/wp\/v2\/media?parent=9212"}],"wp:term":[{"taxonomy":"category","embeddable":true,"href":"https:\/\/www.telavita.com.br\/blog\/wp-json\/wp\/v2\/categories?post=9212"},{"taxonomy":"post_tag","embeddable":true,"href":"https:\/\/www.telavita.com.br\/blog\/wp-json\/wp\/v2\/tags?post=9212"}],"curies":[{"name":"wp","href":"https:\/\/api.w.org\/{rel}","templated":true}]}}