{"id":9377,"date":"2024-04-22T14:19:40","date_gmt":"2024-04-22T17:19:40","guid":{"rendered":"https:\/\/www.telavita.com.br\/blog\/?p=9377"},"modified":"2025-12-08T19:02:11","modified_gmt":"2025-12-08T21:02:11","slug":"autoestima-feminina","status":"publish","type":"post","link":"https:\/\/www.telavita.com.br\/blog\/autoestima-feminina\/","title":{"rendered":"Autoestima feminina: incid\u00eancias e desafios"},"content":{"rendered":"<p><span style=\"font-weight: 400;\">A <\/span><b>autoestima feminina<\/b><span style=\"font-weight: 400;\"> vai al\u00e9m da experi\u00eancia individual de cada mulher, refletindo quest\u00f5es profundas de igualdade, justi\u00e7a e empoderamento. Historicamente, as mulheres t\u00eam sido submetidas a padr\u00f5es irreais de beleza, comportamento e sucesso, resultando em um ciclo de autojulgamento e auto exig\u00eancia.<\/span><\/p>\n<p><span style=\"font-weight: 400;\">No entanto, \u00e9 importante reconhecer que a constru\u00e7\u00e3o da autoestima est\u00e1 relacionada com <\/span><b>experi\u00eancias passadas e com a forma como fomos tratados na inf\u00e2ncia<\/b><span style=\"font-weight: 400;\">, mas tamb\u00e9m \u00e9 um processo cont\u00ednuo e mut\u00e1vel. Isso nos d\u00e1 a oportunidade de aprimorar essa percep\u00e7\u00e3o pessoal. E para n\u00f3s mulheres isso nunca foi f\u00e1cil.<\/span><\/p>\n<h2><b>O que \u00e9 a autoestima?<\/b><\/h2>\n<p><span style=\"font-weight: 400;\">Entendemos como autoestima a avalia\u00e7\u00e3o e percep\u00e7\u00e3o que uma pessoa tem de si mesma,<\/span><b> sendo a forma como ela se enxerga, se valoriza e se respeita.<\/b><span style=\"font-weight: 400;\"> Entretanto, uma alta autoestima geralmente est\u00e1 associada \u00e0 confian\u00e7a, \u00e0 capacidade de se auto afirmar e de enfrentar desafios.<\/span><\/p>\n<p><span style=\"font-weight: 400;\">J\u00e1 a baixa autoestima est\u00e1 associada \u00e0<\/span> <a href=\"https:\/\/www.telavita.com.br\/blog\/inseguranca\/\"><b>inseguran\u00e7a<\/b><\/a><span style=\"font-weight: 400;\">, falta de confian\u00e7a e auto imagem negativa. Logo, este fen\u00f4meno \u00e9 influenciado por experi\u00eancias pessoais, intera\u00e7\u00f5es sociais e padr\u00f5es culturais. Sendo assim, \u00e9 algo fundamental para o nosso <\/span><b>bem-estar emocional e <a href=\"https:\/\/www.telavita.com.br\/blog\/qualidade-de-vida\/\">qualidade de vida<\/a>.\u00a0<\/b><\/p>\n<p><span style=\"font-weight: 400;\">Nesse sentido, a jornada em dire\u00e7\u00e3o a uma autoestima mais robusta \u00e9 um investimento inestim\u00e1vel. Isso pois, em n\u00f3s mesmas, proporciona n\u00e3o apenas uma sensa\u00e7\u00e3o de valor pr\u00f3prio, mas tamb\u00e9m <\/span><b>uma base s\u00f3lida para o crescimento e realiza\u00e7\u00e3o pessoal.<\/b><\/p>\n<h2><b>A autoestima feminina em quest\u00e3o<\/b><\/h2>\n<p><span style=\"font-weight: 400;\">De acordo com uma pesquisa global conduzida pela Dove em 2019, 6<\/span><b>0% das mulheres em todo o mundo relataram evitar atividades importantes devido \u00e0 inseguran\u00e7a sobre sua apar\u00eancia.<\/b><span style=\"font-weight: 400;\"> Al\u00e9m disso, a mesma pesquisa revelou que 8 em cada 10 mulheres experimentam momentos em que n\u00e3o se sentem bem em rela\u00e7\u00e3o \u00e0 pr\u00f3pria imagem corporal.<\/span><\/p>\n<p><span style=\"font-weight: 400;\">Uma revis\u00e3o de estudos conduzida por <\/span><b>Neff e Suizzo (2006) <\/b><span style=\"font-weight: 400;\">constatou que, em m\u00e9dia, as mulheres t\u00eam uma autoestima ligeiramente mais baixa do que os homens. Isso pois, o\u00a0 sexismo estrutural e as desigualdades de g\u00eanero podem minar a autoestima das mulheres.\u00a0<\/span><\/p>\n<p><span style=\"font-weight: 400;\">Todavia, a discrimina\u00e7\u00e3o baseada no g\u00eanero pode levar as mulheres a internalizar mensagens negativas sobre seu <\/span><b>valor e capacidade, resultando em uma autoimagem prejudicada.<\/b><\/p>\n<h2><b>Evolu\u00edmos e ainda podemos evoluir<\/b><\/h2>\n<p><span style=\"font-weight: 400;\">No entanto, nos \u00faltimos anos, o mundo passou por uma s\u00e9rie de mudan\u00e7as cont\u00ednuas e transformadoras. Estas mudan\u00e7as abrangem n\u00e3o apenas avan\u00e7os tecnol\u00f3gicos, mas tamb\u00e9m transforma\u00e7\u00f5es sociais e no mundo do trabalho, que eram<\/span><b> inimagin\u00e1veis h\u00e1 algumas d\u00e9cadas atr\u00e1s.\u00a0<\/b><\/p>\n<div class=\"flex-1 overflow-hidden\">\n<div class=\"react-scroll-to-bottom--css-axvjx-79elbk h-full\">\n<div class=\"react-scroll-to-bottom--css-axvjx-1n7m0yu\">\n<div>\n<div class=\"flex flex-col text-sm pb-9\">\n<div class=\"w-full text-token-text-primary\" dir=\"auto\" data-testid=\"conversation-turn-7\">\n<div class=\"px-4 py-2 justify-center text-base md:gap-6 m-auto\">\n<div class=\"flex flex-1 text-base mx-auto gap-3 juice:gap-4 juice:md:gap-6 md:px-5 lg:px-1 xl:px-5 md:max-w-3xl lg:max-w-[40rem] xl:max-w-[48rem]\">\n<div class=\"relative flex w-full flex-col agent-turn\">\n<div class=\"flex-col gap-1 md:gap-3\">\n<div class=\"flex flex-grow flex-col max-w-full\">\n<div class=\"min-h-[20px] text-message flex flex-col items-start gap-3 whitespace-pre-wrap break-words [.text-message+&amp;]:mt-5 overflow-x-auto\" dir=\"auto\" data-message-author-role=\"assistant\" data-message-id=\"530351fb-2d64-42f8-ab61-340b4ac0ecfa\">\n<div class=\"markdown prose w-full break-words dark:prose-invert light\">\n<p>Antes, as pessoas evitavam discutir certas ideias e muitos sonhos pareciam fadados ao esquecimento. Hoje, embora o mundo ainda enfrente desafios, <strong>certos progressos nos permitiram pelo menos ser mais aut\u00eanticos.<\/strong><\/p>\n<\/div>\n<\/div>\n<\/div>\n<\/div>\n<\/div>\n<\/div>\n<\/div>\n<\/div>\n<\/div>\n<\/div>\n<\/div>\n<\/div>\n<\/div>\n<p><span style=\"font-weight: 400;\">Agora \u00e9 poss\u00edvel priorizar, dedicar aten\u00e7\u00e3o e carinho a n\u00f3s mesmas, sentindo orgulho de quem somos e do que fazemos, investindo nossos talentos e<\/span><b> vivendo de acordo com nossos pr\u00f3prios valores<\/b><span style=\"font-weight: 400;\">, assim reescrevendo nossa pr\u00f3pria hist\u00f3ria.<\/span><\/p>\n<h2><b>As causas da baixa autoestima feminina<\/b><\/h2>\n<p><span style=\"font-weight: 400;\">As <\/span><b>causas da baixa autoestima feminina <\/b><span style=\"font-weight: 400;\">muitas vezes est\u00e3o enraizadas nas experi\u00eancias que vivemos. Frequentemente, a maneira como nos enxergamos \u00e9 moldada pelos olhares e julgamentos alheios, em vez de ser reflexo de nosso pr\u00f3prio conceito de n\u00f3s mesmas.<\/span><\/p>\n<p><span style=\"font-weight: 400;\">Por essa raz\u00e3o, a autenticidade e a conex\u00e3o com nossos valores e princ\u00edpios se tornam aspectos essenciais para <\/span><a href=\"https:\/\/www.telavita.com.br\/blog\/dicas-para-autoestima\/\"><b>elevar nossa autoestima<\/b><\/a><span style=\"font-weight: 400;\"> e nos permitir viver de maneira mais plena e satisfat\u00f3ria.\u00a0<\/span><\/p>\n<p><span style=\"font-weight: 400;\">Al\u00e9m disso, \u00e9 crucial alterar a maneira como nos tratamos, adotando uma postura mais <\/span><b>gentil e compassiva conosco,<\/b><span style=\"font-weight: 400;\"> enquanto buscamos compreender as mensagens subjacentes \u00e0s nossas emo\u00e7\u00f5es mais desafiadoras.<\/span><\/p>\n<h2><b>Como se amar mais?<\/b><\/h2>\n<p><span style=\"font-weight: 400;\">Para aprender a se amar mais, considerar a terapia e <\/span><a href=\"https:\/\/www.telavita.com.br\/blog\/autoconhecimento\/\"><b>investir no autoconhecimento<\/b><\/a> <span style=\"font-weight: 400;\">s\u00e3o abordagens eficazes que podem promover uma mudan\u00e7a significativa na rela\u00e7\u00e3o consigo mesma. \u00c9 fundamental lembrar que todos n\u00f3s somos seres em constante evolu\u00e7\u00e3o, e, portanto, voc\u00ea, como qualquer outro, merece cuidar de com amor e compaix\u00e3o.<\/span><\/p>\n<p><span style=\"font-weight: 400;\">Nesse processo, \u00e9 essencial olhar para si mesma com compaix\u00e3o e buscar compreender como a <\/span><a href=\"https:\/\/www.telavita.com.br\/blog\/baixa-autoestima\/\"><b>baixa autoestima<\/b><\/a><span style=\"font-weight: 400;\"> pode influenciar negativamente as decis\u00f5es que tomamos, nossa autoimagem e nossos relacionamentos com o mundo ao nosso redor.<\/span><\/p>\n<p><span style=\"font-weight: 400;\">Al\u00e9m disso, reconhecer que temos dentro de n\u00f3s diversos pap\u00e9is, como <\/span><b>o de m\u00e3e, amiga, namorada, entre outros<\/b><span style=\"font-weight: 400;\">, nos permite exercer o papel de adulta ao nos ouvirmos, nos entendermos e nos oferecermos amor e apoio.<\/span><\/p>\n<p><span style=\"font-weight: 400;\">Podemos ir al\u00e9m e nos incentivar a buscar um futuro diferente do que temos nos permitido at\u00e9 ent\u00e3o. Fazer um compromisso consigo mesma e considerar o autoconhecimento, incluindo a possibilidade da psicoterapia,<\/span><b> pode ser um passo transformador.<\/b><\/p>\n<span class='mb-center maxbutton-3-center'><span class='maxbutton-3-container mb-container'><a class=\"maxbutton-3 maxbutton maxbutton-manda-para-pagina-psicologos\" href=\"https:\/\/app.telavita.com.br\/psicologia-online\/encontre-seu-psicologo\"><span class='mb-text'>Agende agora uma consulta com psic\u00f3logo<\/span><\/a><\/span><\/span>\n","protected":false},"excerpt":{"rendered":"<p>A autoestima feminina vai al\u00e9m da experi\u00eancia individual de cada mulher, refletindo quest\u00f5es profundas de igualdade, justi\u00e7a e empoderamento. Historicamente, as mulheres t\u00eam sido submetidas a padr\u00f5es irreais de beleza, comportamento e sucesso, resultando em um ciclo de autojulgamento e auto exig\u00eancia. No entanto, \u00e9 importante reconhecer que a constru\u00e7\u00e3o da autoestima est\u00e1 relacionada com [&hellip;]<\/p>\n","protected":false},"author":51,"featured_media":9378,"comment_status":"open","ping_status":"open","sticky":false,"template":"","format":"standard","meta":{"_lmt_disableupdate":"no","_lmt_disable":"no","footnotes":""},"categories":[273],"tags":[],"yoast_head":"<!-- This site is optimized with the Yoast SEO plugin v19.8 - https:\/\/yoast.com\/wordpress\/plugins\/seo\/ -->\n<title>Autoestima feminina: desafios e caminhos para uma vida melhor<\/title>\n<meta name=\"description\" content=\"Entenda a autoestima feminina, saiba como contornar os desafios contempor\u00e2neos de se amar e compreenda os fatores determinantes.\" \/>\n<meta name=\"robots\" content=\"index, follow, max-snippet:-1, max-image-preview:large, max-video-preview:-1\" \/>\n<link rel=\"canonical\" href=\"https:\/\/www.telavita.com.br\/blog\/autoestima-feminina\/\" \/>\n<meta property=\"og:locale\" content=\"pt_BR\" \/>\n<meta property=\"og:type\" content=\"article\" \/>\n<meta property=\"og:title\" content=\"Autoestima feminina: desafios e caminhos para uma vida melhor\" \/>\n<meta property=\"og:description\" content=\"Entenda a autoestima feminina, saiba como contornar os desafios contempor\u00e2neos de se amar e compreenda os fatores determinantes.\" \/>\n<meta property=\"og:url\" content=\"https:\/\/www.telavita.com.br\/blog\/autoestima-feminina\/\" \/>\n<meta property=\"og:site_name\" content=\"Telavita\" \/>\n<meta property=\"article:publisher\" content=\"https:\/\/www.facebook.com\/Telavita\" \/>\n<meta property=\"article:published_time\" content=\"2024-04-22T17:19:40+00:00\" \/>\n<meta property=\"article:modified_time\" content=\"2025-12-08T21:02:11+00:00\" \/>\n<meta property=\"og:image\" content=\"https:\/\/www.telavita.com.br\/blog\/wp-content\/uploads\/2024\/04\/autoestima-feminina.jpg\" \/>\n\t<meta property=\"og:image:width\" content=\"2560\" \/>\n\t<meta property=\"og:image:height\" content=\"1709\" \/>\n\t<meta property=\"og:image:type\" content=\"image\/jpeg\" \/>\n<meta name=\"author\" content=\"Psic\u00f3loga Suzana Guimar\u00e3es Paulo - CRP 03\/15952\" \/>\n<meta name=\"twitter:card\" content=\"summary_large_image\" \/>\n<meta name=\"twitter:label1\" content=\"Escrito por\" \/>\n\t<meta name=\"twitter:data1\" content=\"Psic\u00f3loga Suzana Guimar\u00e3es Paulo - CRP 03\/15952\" \/>\n\t<meta name=\"twitter:label2\" content=\"Est. tempo de leitura\" \/>\n\t<meta name=\"twitter:data2\" content=\"5 minutos\" \/>\n<!-- \/ Yoast SEO plugin. -->","yoast_head_json":{"title":"Autoestima feminina: desafios e caminhos para uma vida melhor","description":"Entenda a autoestima feminina, saiba como contornar os desafios contempor\u00e2neos de se amar e compreenda os fatores determinantes.","robots":{"index":"index","follow":"follow","max-snippet":"max-snippet:-1","max-image-preview":"max-image-preview:large","max-video-preview":"max-video-preview:-1"},"canonical":"https:\/\/www.telavita.com.br\/blog\/autoestima-feminina\/","og_locale":"pt_BR","og_type":"article","og_title":"Autoestima feminina: desafios e caminhos para uma vida melhor","og_description":"Entenda a autoestima feminina, saiba como contornar os desafios contempor\u00e2neos de se amar e compreenda os fatores determinantes.","og_url":"https:\/\/www.telavita.com.br\/blog\/autoestima-feminina\/","og_site_name":"Telavita","article_publisher":"https:\/\/www.facebook.com\/Telavita","article_published_time":"2024-04-22T17:19:40+00:00","article_modified_time":"2025-12-08T21:02:11+00:00","og_image":[{"width":2560,"height":1709,"url":"https:\/\/www.telavita.com.br\/blog\/wp-content\/uploads\/2024\/04\/autoestima-feminina.jpg","type":"image\/jpeg"}],"author":"Psic\u00f3loga Suzana Guimar\u00e3es Paulo - CRP 03\/15952","twitter_card":"summary_large_image","twitter_misc":{"Escrito por":"Psic\u00f3loga Suzana Guimar\u00e3es Paulo - CRP 03\/15952","Est. tempo de leitura":"5 minutos"},"schema":{"@context":"https:\/\/schema.org","@graph":[{"@type":"Article","@id":"https:\/\/www.telavita.com.br\/blog\/autoestima-feminina\/#article","isPartOf":{"@id":"https:\/\/www.telavita.com.br\/blog\/autoestima-feminina\/"},"author":{"name":"Psic\u00f3loga Suzana Guimar\u00e3es Paulo - CRP 03\/15952","@id":"https:\/\/www.telavita.com.br\/blog\/#\/schema\/person\/4f38060b488fa9d69aec9c081963f888"},"headline":"Autoestima feminina: incid\u00eancias e desafios","datePublished":"2024-04-22T17:19:40+00:00","dateModified":"2025-12-08T21:02:11+00:00","mainEntityOfPage":{"@id":"https:\/\/www.telavita.com.br\/blog\/autoestima-feminina\/"},"wordCount":803,"commentCount":0,"publisher":{"@id":"https:\/\/www.telavita.com.br\/blog\/#organization"},"articleSection":["Comportamento"],"inLanguage":"pt-BR","potentialAction":[{"@type":"CommentAction","name":"Comment","target":["https:\/\/www.telavita.com.br\/blog\/autoestima-feminina\/#respond"]}]},{"@type":"WebPage","@id":"https:\/\/www.telavita.com.br\/blog\/autoestima-feminina\/","url":"https:\/\/www.telavita.com.br\/blog\/autoestima-feminina\/","name":"Autoestima feminina: desafios e caminhos para uma vida melhor","isPartOf":{"@id":"https:\/\/www.telavita.com.br\/blog\/#website"},"datePublished":"2024-04-22T17:19:40+00:00","dateModified":"2025-12-08T21:02:11+00:00","description":"Entenda a autoestima feminina, saiba como contornar os desafios contempor\u00e2neos de se amar e compreenda os fatores determinantes.","breadcrumb":{"@id":"https:\/\/www.telavita.com.br\/blog\/autoestima-feminina\/#breadcrumb"},"inLanguage":"pt-BR","potentialAction":[{"@type":"ReadAction","target":["https:\/\/www.telavita.com.br\/blog\/autoestima-feminina\/"]}]},{"@type":"BreadcrumbList","@id":"https:\/\/www.telavita.com.br\/blog\/autoestima-feminina\/#breadcrumb","itemListElement":[{"@type":"ListItem","position":1,"name":"In\u00edcio","item":"https:\/\/www.telavita.com.br\/blog\/"},{"@type":"ListItem","position":2,"name":"Autoestima feminina: incid\u00eancias e desafios"}]},{"@type":"WebSite","@id":"https:\/\/www.telavita.com.br\/blog\/#website","url":"https:\/\/www.telavita.com.br\/blog\/","name":"Telavita","description":"Conte\u00fados especializados sobre sa\u00fade mental e bem-estar","publisher":{"@id":"https:\/\/www.telavita.com.br\/blog\/#organization"},"potentialAction":[{"@type":"SearchAction","target":{"@type":"EntryPoint","urlTemplate":"https:\/\/www.telavita.com.br\/blog\/?s={search_term_string}"},"query-input":"required name=search_term_string"}],"inLanguage":"pt-BR"},{"@type":"Organization","@id":"https:\/\/www.telavita.com.br\/blog\/#organization","name":"Telavita","url":"https:\/\/www.telavita.com.br\/blog\/","sameAs":["https:\/\/www.linkedin.com\/company\/telavita\/mycompany\/verification\/","https:\/\/www.instagram.com\/telavita\/","https:\/\/www.facebook.com\/Telavita"],"logo":{"@type":"ImageObject","inLanguage":"pt-BR","@id":"https:\/\/www.telavita.com.br\/blog\/#\/schema\/logo\/image\/","url":"https:\/\/www.telavita.com.br\/blog\/wp-content\/uploads\/2021\/05\/telavita.jpg","contentUrl":"https:\/\/www.telavita.com.br\/blog\/wp-content\/uploads\/2021\/05\/telavita.jpg","width":200,"height":200,"caption":"Telavita"},"image":{"@id":"https:\/\/www.telavita.com.br\/blog\/#\/schema\/logo\/image\/"}},{"@type":"Person","@id":"https:\/\/www.telavita.com.br\/blog\/#\/schema\/person\/4f38060b488fa9d69aec9c081963f888","name":"Psic\u00f3loga Suzana Guimar\u00e3es Paulo - CRP 03\/15952","image":{"@type":"ImageObject","inLanguage":"pt-BR","@id":"https:\/\/www.telavita.com.br\/blog\/#\/schema\/person\/image\/","url":"https:\/\/secure.gravatar.com\/avatar\/9bb0c55447f682d25e5bdf6c70e73b1b?s=96&d=mm&r=g","contentUrl":"https:\/\/secure.gravatar.com\/avatar\/9bb0c55447f682d25e5bdf6c70e73b1b?s=96&d=mm&r=g","caption":"Psic\u00f3loga Suzana Guimar\u00e3es Paulo - CRP 03\/15952"},"description":"Psic\u00f3loga graduada pela FAT e p\u00f3s graduanda em atendimento educacional especializado e educa\u00e7\u00e3o especial. Atende pela abordagem cognitiva-comportamental com foco em pessoas acima de 13 anos.","url":"https:\/\/www.telavita.com.br\/blog\/author\/suzanapaulo\/"}]}},"modified_by":"Marcelo Vilas Boas","_links":{"self":[{"href":"https:\/\/www.telavita.com.br\/blog\/wp-json\/wp\/v2\/posts\/9377"}],"collection":[{"href":"https:\/\/www.telavita.com.br\/blog\/wp-json\/wp\/v2\/posts"}],"about":[{"href":"https:\/\/www.telavita.com.br\/blog\/wp-json\/wp\/v2\/types\/post"}],"author":[{"embeddable":true,"href":"https:\/\/www.telavita.com.br\/blog\/wp-json\/wp\/v2\/users\/51"}],"replies":[{"embeddable":true,"href":"https:\/\/www.telavita.com.br\/blog\/wp-json\/wp\/v2\/comments?post=9377"}],"version-history":[{"count":2,"href":"https:\/\/www.telavita.com.br\/blog\/wp-json\/wp\/v2\/posts\/9377\/revisions"}],"predecessor-version":[{"id":9684,"href":"https:\/\/www.telavita.com.br\/blog\/wp-json\/wp\/v2\/posts\/9377\/revisions\/9684"}],"wp:featuredmedia":[{"embeddable":true,"href":"https:\/\/www.telavita.com.br\/blog\/wp-json\/wp\/v2\/media\/9378"}],"wp:attachment":[{"href":"https:\/\/www.telavita.com.br\/blog\/wp-json\/wp\/v2\/media?parent=9377"}],"wp:term":[{"taxonomy":"category","embeddable":true,"href":"https:\/\/www.telavita.com.br\/blog\/wp-json\/wp\/v2\/categories?post=9377"},{"taxonomy":"post_tag","embeddable":true,"href":"https:\/\/www.telavita.com.br\/blog\/wp-json\/wp\/v2\/tags?post=9377"}],"curies":[{"name":"wp","href":"https:\/\/api.w.org\/{rel}","templated":true}]}}